{"id":1880,"date":"2024-08-24T08:30:18","date_gmt":"2024-08-24T11:30:18","guid":{"rendered":"https:\/\/elfaroonline.com.ar\/?p=1880"},"modified":"2024-08-24T08:30:18","modified_gmt":"2024-08-24T11:30:18","slug":"crimen-del-policia-en-valle-chico-prision-perpetua-para-jose-aguilar","status":"publish","type":"post","link":"https:\/\/elfaroonline.com.ar\/index.php\/2024\/08\/24\/crimen-del-policia-en-valle-chico-prision-perpetua-para-jose-aguilar\/","title":{"rendered":"Crimen del polic\u00eda en Valle Chico: prisi\u00f3n perpetua para Jos\u00e9 Aguilar"},"content":{"rendered":"<p>El juez director Marcelo Soria conden\u00f3 a la pena de prisi\u00f3n perpetua a Jos\u00e9 Javier Aguilar, luego que un jurado popular lo encontrara culpable por el homicidio del polic\u00eda Carlos Diego Ch\u00e1vez, quien fue ultimado de una pu\u00f1alada el 29 de abril de 2022 en Valle Chico.<\/p>\n<article class=\"article-body article-body--second-paragraph\">Aguilar lleg\u00f3 imputado por &#8220;homicidio calificado por ser cometido contra un miembro de las fuerzas de seguridad&#8221;.<\/p>\n<\/article>\n<div class=\"banner banner--align-center\">\n<div class=\"banner__content-wrapper\">\n<div id=\"div-movil_300x600\" data-google-query-id=\"CNDxocLCjYgDFd5cuAQdSH4DWg\">El Ministerio P\u00fablico Fiscal estuvo representado por los fiscales Paola Gonz\u00e1lez Pinto y Miguel Mauvec\u00edn. Ambos estuvieron acompa\u00f1ados por los abogados de la querella \u2013quienes representan a Eugenia Guerrero, pareja de la v\u00edctima- Leonardo Carrasco y Candela Lugones. La defensa es ejercida por los abogados Arturo Herrera Basualdo y Jorge Rafael Bracamonte (h).<\/div>\n<\/div>\n<\/div>\n","protected":false},"excerpt":{"rendered":"<p>El juez director Marcelo Soria conden\u00f3 a la pena de prisi\u00f3n perpetua a Jos\u00e9 Javier Aguilar, luego que un jurado popular lo encontrara culpable por el homicidio del polic\u00eda Carlos Diego Ch\u00e1vez, quien fue ultimado de una pu\u00f1alada el 29 de abril de 2022 en Valle Chico. Aguilar lleg\u00f3 imputado por &#8220;homicidio calificado por ser [&hellip;]<\/p>\n","protected":false},"author":2,"featured_media":1881,"comment_status":"open","ping_status":"open","sticky":false,"template":"","format":"standard","meta":{"footnotes":""},"categories":[23,27],"tags":[],"class_list":{"0":"post-1880","1":"post","2":"type-post","3":"status-publish","4":"format-standard","5":"has-post-thumbnail","7":"category-destacados","8":"category-policiales"},"aioseo_notices":[],"_links":{"self":[{"href":"https:\/\/elfaroonline.com.ar\/index.php\/wp-json\/wp\/v2\/posts\/1880","targetHints":{"allow":["GET"]}}],"collection":[{"href":"https:\/\/elfaroonline.com.ar\/index.php\/wp-json\/wp\/v2\/posts"}],"about":[{"href":"https:\/\/elfaroonline.com.ar\/index.php\/wp-json\/wp\/v2\/types\/post"}],"author":[{"embeddable":true,"href":"https:\/\/elfaroonline.com.ar\/index.php\/wp-json\/wp\/v2\/users\/2"}],"replies":[{"embeddable":true,"href":"https:\/\/elfaroonline.com.ar\/index.php\/wp-json\/wp\/v2\/comments?post=1880"}],"version-history":[{"count":1,"href":"https:\/\/elfaroonline.com.ar\/index.php\/wp-json\/wp\/v2\/posts\/1880\/revisions"}],"predecessor-version":[{"id":1882,"href":"https:\/\/elfaroonline.com.ar\/index.php\/wp-json\/wp\/v2\/posts\/1880\/revisions\/1882"}],"wp:featuredmedia":[{"embeddable":true,"href":"https:\/\/elfaroonline.com.ar\/index.php\/wp-json\/wp\/v2\/media\/1881"}],"wp:attachment":[{"href":"https:\/\/elfaroonline.com.ar\/index.php\/wp-json\/wp\/v2\/media?parent=1880"}],"wp:term":[{"taxonomy":"category","embeddable":true,"href":"https:\/\/elfaroonline.com.ar\/index.php\/wp-json\/wp\/v2\/categories?post=1880"},{"taxonomy":"post_tag","embeddable":true,"href":"https:\/\/elfaroonline.com.ar\/index.php\/wp-json\/wp\/v2\/tags?post=1880"}],"curies":[{"name":"wp","href":"https:\/\/api.w.org\/{rel}","templated":true}]}}