{"id":1890,"date":"2024-08-24T08:52:35","date_gmt":"2024-08-24T11:52:35","guid":{"rendered":"https:\/\/elfaroonline.com.ar\/?p=1890"},"modified":"2024-08-24T08:52:35","modified_gmt":"2024-08-24T11:52:35","slug":"vigilia-por-la-autonomia-en-el-cine-teatro-catamarca","status":"publish","type":"post","link":"https:\/\/elfaroonline.com.ar\/index.php\/2024\/08\/24\/vigilia-por-la-autonomia-en-el-cine-teatro-catamarca\/","title":{"rendered":"Vigilia por la Autonom\u00eda en el Cine Teatro Catamarca"},"content":{"rendered":"<p class=\"v1MsoNormal\"><span lang=\"ES-MX\">Este s\u00e1bado 24 a partir de las 19 hs, en el Cine Teatro Catamarca, se realizar\u00e1 la Vigilia por la Autonom\u00eda de Catamarca conmemorando los 203 a\u00f1os de su declaraci\u00f3n. La invitaci\u00f3n, con entrada gratuita, est\u00e1 abierta a todos los interesados en participar de esta velada art\u00edstica.<\/span><\/p>\n<p class=\"v1MsoNormal\"><span lang=\"ES-MX\">El evento, promovido por la Secretar\u00eda de Gesti\u00f3n Cultural del Ministerio de Cultura, Turismo y Deporte, se llevar\u00e1 a cabo en el hall central del teatro y en la sala Julio S\u00e1nchez Gardel, y contar\u00e1 con la actuaci\u00f3n de la Banda de la Polic\u00eda de la Provincia y del Coro Polif\u00f3nico, que brindar\u00e1 a los presentes piezas del cancionero popular.<\/span><\/p>\n<p class=\"v1MsoNormal\"><span lang=\"ES-MX\">Adem\u00e1s el taller de Danzas Nativas y Ritmos Latinoamericanos presentar\u00e1 su propuesta desplegando baile y color sobre las tablas con el cuadro &#8220;Catamarca, la Novia del Sol&#8221;.<\/span><\/p>\n<p class=\"v1MsoNormal\"><span lang=\"ES-MX\">Por su parte, el profesor Marcelo D\u00edaz, historiador catamarque\u00f1o, pondr\u00e1 en contexto a los presentes para adentrarse en la historia con una breve charla sobre los acontecimientos de la \u00e9poca, rememorando as\u00ed la gesta de la autonom\u00eda catamarque\u00f1a. <\/span><\/p>\n<p class=\"v1MsoNormal\"><span lang=\"ES-MX\">De esta manera, el Gobierno de la Provincia, a trav\u00e9s de la Secretar\u00eda de Gesti\u00f3n Cultural, conmemorar\u00e1 los 203 a\u00f1os de la declaraci\u00f3n de la Autonom\u00eda Provincial, que tuvo lugar en Cabildo Abierto un 25 de agosto de 1821. Aquel d\u00eda, &#8220;poco m\u00e1s de cincuenta vecinos declaran que el Pueblo de Catamarca era tan libre como todos los dem\u00e1s y que pod\u00eda, lo mismo que cada uno de ellos, usar de sus regal\u00edas y derechos y que, en ejercicios de estas atribuciones, disolv\u00eda la uni\u00f3n y dependencia que por medio de sus diputados hab\u00eda contra\u00eddo con la Rep\u00fablica del Tucum\u00e1n&#8221;, dice un texto de otro reconocido historiador catamarque\u00f1o, Marcelo Gershani Oviedo.<\/span><\/p>\n","protected":false},"excerpt":{"rendered":"<p>Este s\u00e1bado 24 a partir de las 19 hs, en el Cine Teatro Catamarca, se realizar\u00e1 la Vigilia por la Autonom\u00eda de Catamarca conmemorando los 203 a\u00f1os de su declaraci\u00f3n. La invitaci\u00f3n, con entrada gratuita, est\u00e1 abierta a todos los interesados en participar de esta velada art\u00edstica. El evento, promovido por la Secretar\u00eda de Gesti\u00f3n [&hellip;]<\/p>\n","protected":false},"author":2,"featured_media":1891,"comment_status":"open","ping_status":"open","sticky":false,"template":"","format":"standard","meta":{"footnotes":""},"categories":[20],"tags":[],"class_list":{"0":"post-1890","1":"post","2":"type-post","3":"status-publish","4":"format-standard","5":"has-post-thumbnail","7":"category-sociedad"},"aioseo_notices":[],"_links":{"self":[{"href":"https:\/\/elfaroonline.com.ar\/index.php\/wp-json\/wp\/v2\/posts\/1890","targetHints":{"allow":["GET"]}}],"collection":[{"href":"https:\/\/elfaroonline.com.ar\/index.php\/wp-json\/wp\/v2\/posts"}],"about":[{"href":"https:\/\/elfaroonline.com.ar\/index.php\/wp-json\/wp\/v2\/types\/post"}],"author":[{"embeddable":true,"href":"https:\/\/elfaroonline.com.ar\/index.php\/wp-json\/wp\/v2\/users\/2"}],"replies":[{"embeddable":true,"href":"https:\/\/elfaroonline.com.ar\/index.php\/wp-json\/wp\/v2\/comments?post=1890"}],"version-history":[{"count":1,"href":"https:\/\/elfaroonline.com.ar\/index.php\/wp-json\/wp\/v2\/posts\/1890\/revisions"}],"predecessor-version":[{"id":1892,"href":"https:\/\/elfaroonline.com.ar\/index.php\/wp-json\/wp\/v2\/posts\/1890\/revisions\/1892"}],"wp:featuredmedia":[{"embeddable":true,"href":"https:\/\/elfaroonline.com.ar\/index.php\/wp-json\/wp\/v2\/media\/1891"}],"wp:attachment":[{"href":"https:\/\/elfaroonline.com.ar\/index.php\/wp-json\/wp\/v2\/media?parent=1890"}],"wp:term":[{"taxonomy":"category","embeddable":true,"href":"https:\/\/elfaroonline.com.ar\/index.php\/wp-json\/wp\/v2\/categories?post=1890"},{"taxonomy":"post_tag","embeddable":true,"href":"https:\/\/elfaroonline.com.ar\/index.php\/wp-json\/wp\/v2\/tags?post=1890"}],"curies":[{"name":"wp","href":"https:\/\/api.w.org\/{rel}","templated":true}]}}