{"id":1895,"date":"2024-08-26T18:09:57","date_gmt":"2024-08-26T21:09:57","guid":{"rendered":"https:\/\/elfaroonline.com.ar\/?p=1895"},"modified":"2024-08-26T18:09:57","modified_gmt":"2024-08-26T21:09:57","slug":"musica-danza-e-historia-para-celebrar-los-203-anos-de-la-autonomia-provincial","status":"publish","type":"post","link":"https:\/\/elfaroonline.com.ar\/index.php\/2024\/08\/26\/musica-danza-e-historia-para-celebrar-los-203-anos-de-la-autonomia-provincial\/","title":{"rendered":"M\u00fasica, danza e historia para celebrar los 203 a\u00f1os de la Autonom\u00eda Provincial"},"content":{"rendered":"<p class=\"v1MsoNormal\">La tarde noche del s\u00e1bado se llev\u00f3 a cabo la Vigilia por la Autonom\u00eda en el Cine Teatro Catamarca, evento impulsado por la Secretar\u00eda de Gesti\u00f3n Cultural del Ministerio de Cultura, Turismo y Deporte para celebrar los 203 a\u00f1os de aquella declaratoria.<\/p>\n<p class=\"v1MsoNormal\">La bienvenida estuvo a cargo de la Banda de la Polic\u00eda de la Provincia a cargo del principal Daniel Rosales y el comisario Aldo Castelli, que brind\u00f3 una c\u00e1lida recibida al p\u00fablico en el hall de ingreso al teatro, mientras una pareja de mimos invitaba a los transe\u00fantes que desde la vereda y las escalinatas de la Plaza 25 de Mayo disfrutaban la m\u00fasica de la banda, a participar del festejo por los 203 a\u00f1os de autonom\u00eda de nuestra provincia.<\/p>\n<p class=\"v1MsoNormal\">Una vez dentro de la Sala S\u00e1nchez Gardel, el Coro Polif\u00f3nico de la Provincia fue el encargado de poner m\u00fasica para dar inicio a la vigilia con una obra cargada de ra\u00edces catamarque\u00f1as. Vanina Aredes, directora del coro, invit\u00f3 al tenor catamarque\u00f1o Silvio Arias a participar de la presentaci\u00f3n para interpretar Aleluya, y luego continuar con la entra\u00f1able zamba Coplas del Regreso, del poeta Luis Franco con m\u00fasica del Cuchi Leguizam\u00f3n, y por \u00faltimo Chayita del Vidalero de Ram\u00f3n Navarro.<\/p>\n<p class=\"v1MsoNormal\">El festejo sigui\u00f3 su curso sobre el escenario con la Agrupaci\u00f3n de Danza Folcl\u00f3rica Virgen del Valle, a cargo del profesor Ra\u00fal Rodr\u00edguez con una puesta en escena de bailarines que desplegaron el color, el baile y la coordinaci\u00f3n sobre las tablas.<\/p>\n<p class=\"v1MsoNormal\">Tambi\u00e9n se presentaron los bailarines del Taller de Danzas Nativas y Ritmos Latinoamericanos, dirigidos por el prof. Juan Segura, que desplegaron el cuadro &#8220;Catamarca, la novia del sol&#8221;, lleno de magia y movimiento para el deleite del p\u00fablico.<\/p>\n<p class=\"v1MsoNormal\">A la fecha se refiri\u00f3, como anfitriona del evento, la secretaria de Gesti\u00f3n Cultural, Laura Maubec\u00edn: &#8220;Son 203 a\u00f1os de construcci\u00f3n de nuestro pueblo, este gran acto hizo que seamos m\u00e1s fuertes y unidos, porque lo que somos como catamarque\u00f1os lo logramos compartiendo el esfuerzo. Todos hacemos Catamarca y merecemos ser una provincia grande porque en esa construcci\u00f3n estamos todos&#8221;.<\/p>\n<p class=\"v1MsoNormal\">Por su parte, el historiador Marcelo D\u00edaz brind\u00f3 una charla para contextualizar los acontecimientos de esa gesta que comenz\u00f3 en 1820 en el cabildo situado en la casona de la esquina de las calles Rep\u00fablica y Rivadavia. Por entonces, un poco m\u00e1s de 50 personas entre las que estaban las personalidades destacadas de la \u00e9poca, corporaciones religiosas, sacerdotes, militares, pol\u00edticos y comerciantes, unieron criterios entre unitarios y federales dejando de lado egos y aspiraciones de todo tipo para comenzar a declarar la independencia de la Rep\u00fablica del Tucum\u00e1n integrada por Santiago del Estero, Catamarca y Tucum\u00e1n. Ya en 1821 Eusebio Ruzo, que fue dos veces gobernador de la provincia, invitaba a avanzar con la autonom\u00eda de la provincia declarando por medio de actas certificadas que Catamarca era una provincia independiente.<\/p>\n<p class=\"v1MsoNormal\">Para el cierre, la Banda de la Polic\u00eda y la Agrupaci\u00f3n de Danza Folcl\u00f3rica Virgen del Valle se fusionaron sobre el escenario para ofrecer un n\u00famero de m\u00fasica y danza con un repertorio dedicado enteramente a Catamarca. Con la tradicional zamba &#8220;Paisaje de Catamarca&#8221; y la cueca &#8220;Recuerdo de mis valles&#8221; cerr\u00f3 el tel\u00f3n de este festejo organizado por los 203 a\u00f1os de la autonom\u00eda de la provincia.<\/p>\n","protected":false},"excerpt":{"rendered":"<p>La tarde noche del s\u00e1bado se llev\u00f3 a cabo la Vigilia por la Autonom\u00eda en el Cine Teatro Catamarca, evento impulsado por la Secretar\u00eda de Gesti\u00f3n Cultural del Ministerio de Cultura, Turismo y Deporte para celebrar los 203 a\u00f1os de aquella declaratoria. La bienvenida estuvo a cargo de la Banda de la Polic\u00eda de la [&hellip;]<\/p>\n","protected":false},"author":2,"featured_media":1896,"comment_status":"open","ping_status":"open","sticky":false,"template":"","format":"standard","meta":{"footnotes":""},"categories":[23,20],"tags":[],"class_list":{"0":"post-1895","1":"post","2":"type-post","3":"status-publish","4":"format-standard","5":"has-post-thumbnail","7":"category-destacados","8":"category-sociedad"},"aioseo_notices":[],"_links":{"self":[{"href":"https:\/\/elfaroonline.com.ar\/index.php\/wp-json\/wp\/v2\/posts\/1895","targetHints":{"allow":["GET"]}}],"collection":[{"href":"https:\/\/elfaroonline.com.ar\/index.php\/wp-json\/wp\/v2\/posts"}],"about":[{"href":"https:\/\/elfaroonline.com.ar\/index.php\/wp-json\/wp\/v2\/types\/post"}],"author":[{"embeddable":true,"href":"https:\/\/elfaroonline.com.ar\/index.php\/wp-json\/wp\/v2\/users\/2"}],"replies":[{"embeddable":true,"href":"https:\/\/elfaroonline.com.ar\/index.php\/wp-json\/wp\/v2\/comments?post=1895"}],"version-history":[{"count":1,"href":"https:\/\/elfaroonline.com.ar\/index.php\/wp-json\/wp\/v2\/posts\/1895\/revisions"}],"predecessor-version":[{"id":1897,"href":"https:\/\/elfaroonline.com.ar\/index.php\/wp-json\/wp\/v2\/posts\/1895\/revisions\/1897"}],"wp:featuredmedia":[{"embeddable":true,"href":"https:\/\/elfaroonline.com.ar\/index.php\/wp-json\/wp\/v2\/media\/1896"}],"wp:attachment":[{"href":"https:\/\/elfaroonline.com.ar\/index.php\/wp-json\/wp\/v2\/media?parent=1895"}],"wp:term":[{"taxonomy":"category","embeddable":true,"href":"https:\/\/elfaroonline.com.ar\/index.php\/wp-json\/wp\/v2\/categories?post=1895"},{"taxonomy":"post_tag","embeddable":true,"href":"https:\/\/elfaroonline.com.ar\/index.php\/wp-json\/wp\/v2\/tags?post=1895"}],"curies":[{"name":"wp","href":"https:\/\/api.w.org\/{rel}","templated":true}]}}