{"id":1898,"date":"2024-08-26T18:12:22","date_gmt":"2024-08-26T21:12:22","guid":{"rendered":"https:\/\/elfaroonline.com.ar\/?p=1898"},"modified":"2024-08-26T18:12:22","modified_gmt":"2024-08-26T21:12:22","slug":"mas-de-250-ciclistas-en-la-4ta-fecha-del-nacional-infanto-juvenil-de-pista","status":"publish","type":"post","link":"https:\/\/elfaroonline.com.ar\/index.php\/2024\/08\/26\/mas-de-250-ciclistas-en-la-4ta-fecha-del-nacional-infanto-juvenil-de-pista\/","title":{"rendered":"M\u00e1s de 250 ciclistas en la 4ta fecha del Nacional Infanto Juvenil de Pista"},"content":{"rendered":"<p class=\"v1MsoNormal\">El vel\u00f3dromo municipal de la Capital de Catamarca fue el escenario de la cuarta fecha del Campeonato Argentino de Infanto Juvenil de Pista, donde m\u00e1s de 250 j\u00f3venes ciclistas de diferentes provincias del pa\u00eds se dieron cita para vivir dos jornadas llenas de emoci\u00f3n y competencia al m\u00e1s alto nivel.<\/p>\n<p class=\"v1MsoNormal\">El evento, que reuni\u00f3 a talentosos deportistas desde edades infantiles hasta los 17 a\u00f1os, ofreci\u00f3 una muestra de destreza y pasi\u00f3n por el ciclismo. Durante las dos jornadas, los j\u00f3venes demostraron sus habilidades en una variedad de pruebas.<\/p>\n<p class=\"v1MsoNormal\">El momento m\u00e1s destacado de la competencia fue la consagraci\u00f3n del ciclista local Sebasti\u00e1n Coronel, quien se coron\u00f3 campe\u00f3n en la categor\u00eda estrella &#8220;2007-2008&#8221;. Coronel, con una destacada actuaci\u00f3n, se impuso sobre sus competidores y recibi\u00f3 los aplausos de la afici\u00f3n, que celebr\u00f3 con orgullo el triunfo de uno de sus representantes.<\/p>\n<p class=\"v1MsoNormal\">El evento fue organizado por la Asociaci\u00f3n Catamarque\u00f1a de Ciclismo y se realiz\u00f3 con el apoyo de la Secretar\u00eda de Deportes del Ministerio de Turismo, Cultura y Deporte de Catamarca y la Municipalidad de Capital. Ambas instituciones resaltaron la importancia de fomentar el deporte entre los j\u00f3venes, destacando la excelente organizaci\u00f3n y la alta participaci\u00f3n de ciclistas de todo el pa\u00eds.<\/p>\n","protected":false},"excerpt":{"rendered":"<p>El vel\u00f3dromo municipal de la Capital de Catamarca fue el escenario de la cuarta fecha del Campeonato Argentino de Infanto Juvenil de Pista, donde m\u00e1s de 250 j\u00f3venes ciclistas de diferentes provincias del pa\u00eds se dieron cita para vivir dos jornadas llenas de emoci\u00f3n y competencia al m\u00e1s alto nivel. El evento, que reuni\u00f3 a [&hellip;]<\/p>\n","protected":false},"author":2,"featured_media":1899,"comment_status":"open","ping_status":"open","sticky":false,"template":"","format":"standard","meta":{"footnotes":""},"categories":[25],"tags":[],"class_list":{"0":"post-1898","1":"post","2":"type-post","3":"status-publish","4":"format-standard","5":"has-post-thumbnail","7":"category-deportes"},"aioseo_notices":[],"_links":{"self":[{"href":"https:\/\/elfaroonline.com.ar\/index.php\/wp-json\/wp\/v2\/posts\/1898","targetHints":{"allow":["GET"]}}],"collection":[{"href":"https:\/\/elfaroonline.com.ar\/index.php\/wp-json\/wp\/v2\/posts"}],"about":[{"href":"https:\/\/elfaroonline.com.ar\/index.php\/wp-json\/wp\/v2\/types\/post"}],"author":[{"embeddable":true,"href":"https:\/\/elfaroonline.com.ar\/index.php\/wp-json\/wp\/v2\/users\/2"}],"replies":[{"embeddable":true,"href":"https:\/\/elfaroonline.com.ar\/index.php\/wp-json\/wp\/v2\/comments?post=1898"}],"version-history":[{"count":1,"href":"https:\/\/elfaroonline.com.ar\/index.php\/wp-json\/wp\/v2\/posts\/1898\/revisions"}],"predecessor-version":[{"id":1900,"href":"https:\/\/elfaroonline.com.ar\/index.php\/wp-json\/wp\/v2\/posts\/1898\/revisions\/1900"}],"wp:featuredmedia":[{"embeddable":true,"href":"https:\/\/elfaroonline.com.ar\/index.php\/wp-json\/wp\/v2\/media\/1899"}],"wp:attachment":[{"href":"https:\/\/elfaroonline.com.ar\/index.php\/wp-json\/wp\/v2\/media?parent=1898"}],"wp:term":[{"taxonomy":"category","embeddable":true,"href":"https:\/\/elfaroonline.com.ar\/index.php\/wp-json\/wp\/v2\/categories?post=1898"},{"taxonomy":"post_tag","embeddable":true,"href":"https:\/\/elfaroonline.com.ar\/index.php\/wp-json\/wp\/v2\/tags?post=1898"}],"curies":[{"name":"wp","href":"https:\/\/api.w.org\/{rel}","templated":true}]}}