{"id":1901,"date":"2024-08-26T18:14:45","date_gmt":"2024-08-26T21:14:45","guid":{"rendered":"https:\/\/elfaroonline.com.ar\/?p=1901"},"modified":"2024-08-26T18:14:45","modified_gmt":"2024-08-26T21:14:45","slug":"ultima-semana-para-postular-al-ponchito","status":"publish","type":"post","link":"https:\/\/elfaroonline.com.ar\/index.php\/2024\/08\/26\/ultima-semana-para-postular-al-ponchito\/","title":{"rendered":"\u00daltima semana para postular al Ponchito"},"content":{"rendered":"<p class=\"v1MsoNormal\">Contin\u00faan abiertas las inscripciones para ser parte del Festival del Ponchito, que se realizar\u00e1 en el Predio Ferial Catamarca del viernes 11 al domingo 13 de octubre, en coincidencia con el fin de semana largo y con la Feria Provincial del Libro.<\/p>\n<p class=\"v1MsoNormal\">Hist\u00f3ricamente asociado a la Fiesta del Poncho, la fiesta madre, el evento est\u00e1 especialmente orientado hacia las infancias, y representa una oportunidad para que ni\u00f1os y ni\u00f1as puedan mostrar su talento en distintos g\u00e9neros art\u00edsticos esc\u00e9nicos.<\/p>\n<p class=\"v1MsoNormal\">La convocatoria est\u00e1 dirigida a chicas y chicos catamarque\u00f1os de entre 4 y 16 a\u00f1os que participen de academias, escuelas art\u00edsticas o particulares que presenten sus propuestas y que quieran sumar su talento al espect\u00e1culo.<\/p>\n<p class=\"v1MsoNormal\">Los interesados en participar podr\u00e1n postularse y revisar bases y condiciones de participaci\u00f3n de manera online hasta el 1 de septiembre ingresando en el siguiente enlace: <a href=\"https:\/\/bit.ly\/ConvocatoriaPonchito2024\" target=\"_blank\" rel=\"noopener noreferrer\">https:\/\/bit.ly\/ConvocatoriaPonchito2024<\/a>.<\/p>\n<p class=\"v1MsoNormal\">El festival contar\u00e1 con una variada grilla art\u00edstica durante sus tres jornadas que incluir\u00e1 en escena delegaciones municipales, danzas folcl\u00f3ricas argentinas, otros ritmos, solistas y\/o grupos musicales, recitadores y humoristas, para de esta manera darle forma a la fiesta grande de los chicos.<\/p>\n<p class=\"v1MsoNormal\">El Festival del Ponchito, hist\u00f3ricamente ligado a la Fiesta Nacional e Internacional del Poncho, es un evento para las infancias que impulsa la Secretar\u00eda de Gesti\u00f3n Cultural del Ministerio de Cultura, Turismo y Deporte de Catamarca.<\/p>\n<p class=\"v1MsoNormal\">Para m\u00e1s informaci\u00f3n consultar v\u00eda mail a la siguiente direcci\u00f3n: <a href=\"mailto:gestioncultural@catamarca.gov.ar\" rel=\"noreferrer\">gestioncultural@catamarca.gov.ar<\/a><\/p>\n","protected":false},"excerpt":{"rendered":"<p>Contin\u00faan abiertas las inscripciones para ser parte del Festival del Ponchito, que se realizar\u00e1 en el Predio Ferial Catamarca del viernes 11 al domingo 13 de octubre, en coincidencia con el fin de semana largo y con la Feria Provincial del Libro. Hist\u00f3ricamente asociado a la Fiesta del Poncho, la fiesta madre, el evento est\u00e1 [&hellip;]<\/p>\n","protected":false},"author":2,"featured_media":1902,"comment_status":"open","ping_status":"open","sticky":false,"template":"","format":"standard","meta":{"footnotes":""},"categories":[23,20],"tags":[],"class_list":{"0":"post-1901","1":"post","2":"type-post","3":"status-publish","4":"format-standard","5":"has-post-thumbnail","7":"category-destacados","8":"category-sociedad"},"aioseo_notices":[],"_links":{"self":[{"href":"https:\/\/elfaroonline.com.ar\/index.php\/wp-json\/wp\/v2\/posts\/1901","targetHints":{"allow":["GET"]}}],"collection":[{"href":"https:\/\/elfaroonline.com.ar\/index.php\/wp-json\/wp\/v2\/posts"}],"about":[{"href":"https:\/\/elfaroonline.com.ar\/index.php\/wp-json\/wp\/v2\/types\/post"}],"author":[{"embeddable":true,"href":"https:\/\/elfaroonline.com.ar\/index.php\/wp-json\/wp\/v2\/users\/2"}],"replies":[{"embeddable":true,"href":"https:\/\/elfaroonline.com.ar\/index.php\/wp-json\/wp\/v2\/comments?post=1901"}],"version-history":[{"count":1,"href":"https:\/\/elfaroonline.com.ar\/index.php\/wp-json\/wp\/v2\/posts\/1901\/revisions"}],"predecessor-version":[{"id":1903,"href":"https:\/\/elfaroonline.com.ar\/index.php\/wp-json\/wp\/v2\/posts\/1901\/revisions\/1903"}],"wp:featuredmedia":[{"embeddable":true,"href":"https:\/\/elfaroonline.com.ar\/index.php\/wp-json\/wp\/v2\/media\/1902"}],"wp:attachment":[{"href":"https:\/\/elfaroonline.com.ar\/index.php\/wp-json\/wp\/v2\/media?parent=1901"}],"wp:term":[{"taxonomy":"category","embeddable":true,"href":"https:\/\/elfaroonline.com.ar\/index.php\/wp-json\/wp\/v2\/categories?post=1901"},{"taxonomy":"post_tag","embeddable":true,"href":"https:\/\/elfaroonline.com.ar\/index.php\/wp-json\/wp\/v2\/tags?post=1901"}],"curies":[{"name":"wp","href":"https:\/\/api.w.org\/{rel}","templated":true}]}}