{"id":1904,"date":"2024-08-26T18:17:34","date_gmt":"2024-08-26T21:17:34","guid":{"rendered":"https:\/\/elfaroonline.com.ar\/?p=1904"},"modified":"2024-08-26T18:17:34","modified_gmt":"2024-08-26T21:17:34","slug":"raul-jalil-recibio-al-presidente-del-grupo-arcor","status":"publish","type":"post","link":"https:\/\/elfaroonline.com.ar\/index.php\/2024\/08\/26\/raul-jalil-recibio-al-presidente-del-grupo-arcor\/","title":{"rendered":"Ra\u00fal Jalil recibi\u00f3 al presidente del Grupo ARCOR"},"content":{"rendered":"<p class=\"v1MsoNormal\">En Casa de Gobierno, el gobernador Ra\u00fal Jalil mantuvo un encuentro con el presidente del grupo ARCOR, Luis Pagani, para dialogar sobre la actualidad de la empresa que tiene su f\u00e1brica en Recreo.<\/p>\n<p class=\"v1MsoNormal\">En la reuni\u00f3n tambi\u00e9n estuvo presente el vicegobernador Rub\u00e9n Dusso y el intendente de Recreo, Luis Polti, as\u00ed como ministros del gabinete provincial. En la ocasi\u00f3n, dialogaron sobre el impacto en el desarrollo econ\u00f3mico y productivo de la regi\u00f3n lapace\u00f1a de este grupo.<\/p>\n<p class=\"v1MsoNormal\">Este martes est\u00e1 previsto que el Gobernador realice una visita a la ciudad de Recreo donde, entre otras actividades, recorrer\u00e1 la f\u00e1brica de ARCOR.<\/p>\n","protected":false},"excerpt":{"rendered":"<p>En Casa de Gobierno, el gobernador Ra\u00fal Jalil mantuvo un encuentro con el presidente del grupo ARCOR, Luis Pagani, para dialogar sobre la actualidad de la empresa que tiene su f\u00e1brica en Recreo. En la reuni\u00f3n tambi\u00e9n estuvo presente el vicegobernador Rub\u00e9n Dusso y el intendente de Recreo, Luis Polti, as\u00ed como ministros del gabinete [&hellip;]<\/p>\n","protected":false},"author":2,"featured_media":1905,"comment_status":"open","ping_status":"open","sticky":false,"template":"","format":"standard","meta":{"footnotes":""},"categories":[23,21],"tags":[],"class_list":{"0":"post-1904","1":"post","2":"type-post","3":"status-publish","4":"format-standard","5":"has-post-thumbnail","7":"category-destacados","8":"category-politica"},"aioseo_notices":[],"_links":{"self":[{"href":"https:\/\/elfaroonline.com.ar\/index.php\/wp-json\/wp\/v2\/posts\/1904","targetHints":{"allow":["GET"]}}],"collection":[{"href":"https:\/\/elfaroonline.com.ar\/index.php\/wp-json\/wp\/v2\/posts"}],"about":[{"href":"https:\/\/elfaroonline.com.ar\/index.php\/wp-json\/wp\/v2\/types\/post"}],"author":[{"embeddable":true,"href":"https:\/\/elfaroonline.com.ar\/index.php\/wp-json\/wp\/v2\/users\/2"}],"replies":[{"embeddable":true,"href":"https:\/\/elfaroonline.com.ar\/index.php\/wp-json\/wp\/v2\/comments?post=1904"}],"version-history":[{"count":1,"href":"https:\/\/elfaroonline.com.ar\/index.php\/wp-json\/wp\/v2\/posts\/1904\/revisions"}],"predecessor-version":[{"id":1906,"href":"https:\/\/elfaroonline.com.ar\/index.php\/wp-json\/wp\/v2\/posts\/1904\/revisions\/1906"}],"wp:featuredmedia":[{"embeddable":true,"href":"https:\/\/elfaroonline.com.ar\/index.php\/wp-json\/wp\/v2\/media\/1905"}],"wp:attachment":[{"href":"https:\/\/elfaroonline.com.ar\/index.php\/wp-json\/wp\/v2\/media?parent=1904"}],"wp:term":[{"taxonomy":"category","embeddable":true,"href":"https:\/\/elfaroonline.com.ar\/index.php\/wp-json\/wp\/v2\/categories?post=1904"},{"taxonomy":"post_tag","embeddable":true,"href":"https:\/\/elfaroonline.com.ar\/index.php\/wp-json\/wp\/v2\/tags?post=1904"}],"curies":[{"name":"wp","href":"https:\/\/api.w.org\/{rel}","templated":true}]}}