{"id":1913,"date":"2024-08-26T18:27:20","date_gmt":"2024-08-26T21:27:20","guid":{"rendered":"https:\/\/elfaroonline.com.ar\/?p=1913"},"modified":"2024-08-26T18:27:20","modified_gmt":"2024-08-26T21:27:20","slug":"asuntos-constitucionales-avanza-en-las-entrevistas-para-cargos-judiciales","status":"publish","type":"post","link":"https:\/\/elfaroonline.com.ar\/index.php\/2024\/08\/26\/asuntos-constitucionales-avanza-en-las-entrevistas-para-cargos-judiciales\/","title":{"rendered":"Asuntos Constitucionales avanza en las entrevistas para cargos judiciales"},"content":{"rendered":"<p>La Comisi\u00f3n de Asuntos Constitucionales, Peticiones y Poderes de la C\u00e1mara de Senadores ampliada al resto de legisladores que conforman el Cuerpo, contin\u00faa con las entrevistas a profesionales del derecho postulados para cargos judiciales.<\/p>\n<p>En esta oportunidad, la Comisi\u00f3n presidida por la senadora Virginia Del Arco, recibi\u00f3 a las y los abogados Jorge Bracamonte, Gabriel Federico Maturano y Cynthia Romina Romero quienes forman parte de los 16 pliegos enviados por el Poder Ejecutivo y que requieren el acuerdo del Senado en cumplimiento a lo normado en el Art\u00edculo 89 de la Constituci\u00f3n Provincial.<\/p>\n<p>Cabe destacar que Bracamonte es propuesto para ocupar el cargo de Miembro de la Corte de Justicia de la Provincia; en tanto, Maturano y Romero son postulados como Fiscales Correccionales para la Primera Circunscripci\u00f3n Judicial.<\/p>\n<p>Durante las reuniones estuvieron presentes las y los senadores Romina Williams, Norma Reales, Horacio Guti\u00e9rrez, Ram\u00f3n Figueroa Castellanos, Mario Gershani, Augusto Ojeda, Ariel Cordero y F\u00e9lix Jerez.<\/p>\n","protected":false},"excerpt":{"rendered":"<p>La Comisi\u00f3n de Asuntos Constitucionales, Peticiones y Poderes de la C\u00e1mara de Senadores ampliada al resto de legisladores que conforman el Cuerpo, contin\u00faa con las entrevistas a profesionales del derecho postulados para cargos judiciales. En esta oportunidad, la Comisi\u00f3n presidida por la senadora Virginia Del Arco, recibi\u00f3 a las y los abogados Jorge Bracamonte, Gabriel [&hellip;]<\/p>\n","protected":false},"author":2,"featured_media":1914,"comment_status":"open","ping_status":"open","sticky":false,"template":"","format":"standard","meta":{"footnotes":""},"categories":[21],"tags":[],"class_list":{"0":"post-1913","1":"post","2":"type-post","3":"status-publish","4":"format-standard","5":"has-post-thumbnail","7":"category-politica"},"aioseo_notices":[],"_links":{"self":[{"href":"https:\/\/elfaroonline.com.ar\/index.php\/wp-json\/wp\/v2\/posts\/1913","targetHints":{"allow":["GET"]}}],"collection":[{"href":"https:\/\/elfaroonline.com.ar\/index.php\/wp-json\/wp\/v2\/posts"}],"about":[{"href":"https:\/\/elfaroonline.com.ar\/index.php\/wp-json\/wp\/v2\/types\/post"}],"author":[{"embeddable":true,"href":"https:\/\/elfaroonline.com.ar\/index.php\/wp-json\/wp\/v2\/users\/2"}],"replies":[{"embeddable":true,"href":"https:\/\/elfaroonline.com.ar\/index.php\/wp-json\/wp\/v2\/comments?post=1913"}],"version-history":[{"count":1,"href":"https:\/\/elfaroonline.com.ar\/index.php\/wp-json\/wp\/v2\/posts\/1913\/revisions"}],"predecessor-version":[{"id":1915,"href":"https:\/\/elfaroonline.com.ar\/index.php\/wp-json\/wp\/v2\/posts\/1913\/revisions\/1915"}],"wp:featuredmedia":[{"embeddable":true,"href":"https:\/\/elfaroonline.com.ar\/index.php\/wp-json\/wp\/v2\/media\/1914"}],"wp:attachment":[{"href":"https:\/\/elfaroonline.com.ar\/index.php\/wp-json\/wp\/v2\/media?parent=1913"}],"wp:term":[{"taxonomy":"category","embeddable":true,"href":"https:\/\/elfaroonline.com.ar\/index.php\/wp-json\/wp\/v2\/categories?post=1913"},{"taxonomy":"post_tag","embeddable":true,"href":"https:\/\/elfaroonline.com.ar\/index.php\/wp-json\/wp\/v2\/tags?post=1913"}],"curies":[{"name":"wp","href":"https:\/\/api.w.org\/{rel}","templated":true}]}}