{"id":1922,"date":"2024-08-26T18:38:02","date_gmt":"2024-08-26T21:38:02","guid":{"rendered":"https:\/\/elfaroonline.com.ar\/?p=1922"},"modified":"2024-08-26T18:38:02","modified_gmt":"2024-08-26T21:38:02","slug":"el-rumor-con-sofia-pacchi-y-el-alerta-del-ama-de-llaves-que-dijo-el-ex-intendente-de-olivos-en-la-causa-contra-alberto-fernandez","status":"publish","type":"post","link":"https:\/\/elfaroonline.com.ar\/index.php\/2024\/08\/26\/el-rumor-con-sofia-pacchi-y-el-alerta-del-ama-de-llaves-que-dijo-el-ex-intendente-de-olivos-en-la-causa-contra-alberto-fernandez\/","title":{"rendered":"El rumor con Sof\u00eda Pacchi y el alerta del ama de llaves: qu\u00e9 dijo el ex intendente de Olivos en la causa contra Alberto Fern\u00e1ndez"},"content":{"rendered":"<p>Durante seis horas, Daniel Rodr\u00edguez declar\u00f3 como testigo ante el fiscal Ramiro Gonz\u00e1lez, la defensa del ex presidente y la querella de la ex primera dama. \u201cEl \u00e1nimo estaba caldeado\u201d, describi\u00f3 sobre la pareja. Sofia Pacchi declarar\u00e1 el 12 de septiembre.<br \/>\n<b>\u201cVa la segunda vez que Fabiola se cae en el ba\u00f1o\u2026Por qu\u00e9 no le dice al Presidente \u2026\u201d<\/b>, le dijo el ama de llaves al intendente de Olivos, <b>Daniel Rodr\u00edguez. <\/b>As\u00ed lo revel\u00f3 el propio testigo al declarar en la causa por violencia de g\u00e9nero que impuls\u00f3 <b>Fabiola Ya\u00f1ez contra Alberto Fern\u00e1ndez. <\/b>Durante casi seis horas, Daniel Rodr\u00edguez, allegado a Alberto Fern\u00e1ndez, estuvo declarando ante el fiscal <b>Ramiro Gonz\u00e1lez<\/b>, la defensa del ex presidente y la querella de la ex primera dama. <b>\u00c9l asegur\u00f3 que no vio golpes, pero s\u00ed admiti\u00f3 que la relaci\u00f3n entre la pareja estaba rota.<\/b><\/p>\n<p>Rodr\u00edguez afirm\u00f3 que <b>no vio \u201cpersonalmente hechos de violencia f\u00edsica, pero s\u00ed gritos\u201d.<\/b> En su exposici\u00f3n, desminti\u00f3 que haya tenido que intervenir personalmente, como hab\u00eda trascendido. \u201c<b>El \u00e1nimo estaba caldeado\u201d,<\/b> describi\u00f3.<\/p>\n<p>El testigo afirm\u00f3 que \u201cla relaci\u00f3n entre Alberto y Fabiola cambi\u00f3 notablemente luego de la publicaci\u00f3n de la foto de la Fiesta de Olivos\u201d. <b>\u201cLa ruptura de la relaci\u00f3n entre ellos fue evidente\u201d, <\/b>dijo. A partir de ese momento, se\u00f1al\u00f3, las relaciones de Fabiola y el contacto con otras personas \u201ccasi desapareci\u00f3\u201d. Seg\u00fan describi\u00f3, ya no se vio m\u00e1s al entorno de Fabiola luego de la publicaci\u00f3n que gener\u00f3 el esc\u00e1ndalo que puso en crisis el gobierno de Alberto Fern\u00e1ndez.<\/p>\n<p>Entre ese entorno estaba <b>Sofia Pacchi,<\/b> la asesora de imagen de Fabiola que se distanci\u00f3 de la ex primera dama tras el esc\u00e1ndalo y que est\u00e1 citada como testigo en esta causa. Cuando a Rodr\u00edguez le preguntaron si hab\u00eda una relaci\u00f3n entre esa joven y el presidente, el testigo respondi\u00f3:<b>\u201dEra un rumor extendido en la quinta\u201d.<\/b><\/p>\n<p class=\"paragraph\" data-mrf-recirculation=\"Links inline\">Hoy, la expectativa estaba puesta en Daniel Rodr\u00edguez, una de las personas de m\u00e1xima confianza de <b>Alberto Fern\u00e1ndez.<\/b> Fue chofer, cadete, secretario, y hasta cuidador de Dylan. Pero tambi\u00e9n trabaj\u00f3 para <b>H\u00e9ctor Mart\u00ednez Sosa<\/b>, el broker que se hizo millonario con los contratos del Estado. Precisamente, en uno de los allanamientos a las propiedades de Mart\u00ednez Sosa, la Polic\u00eda se encontr\u00f3 a Rodr\u00edguez. Su tel\u00e9fono qued\u00f3 secuestrado en el marco de esa investigaci\u00f3n por contratos con los seguros.<\/p>\n<p class=\"paragraph\" data-mrf-recirculation=\"Links inline\">En su declaraci\u00f3n, Rodr\u00edguez se encarg\u00f3 de decir que no era amigo de Alberto Fern\u00e1ndez, m\u00e1s all\u00e1 de la buena relaci\u00f3n que ten\u00edan. Y aclar\u00f3 que el ex presidente no le hablaba de su vida privada.<\/p>\n<p class=\"paragraph\" data-mrf-recirculation=\"Links inline\">Minutos antes de las 10 de la ma\u00f1ana, con anteojos lejos y un pa\u00f1uelo que le cubr\u00eda casi toda la cara, Rodriguez se apareci\u00f3 por el quinto piso de los tribunales. Hab\u00eda esquivado a los fot\u00f3grafos que lo esperaban afuera del edificio, al entrar por otra puerta. Pero se los termin\u00f3 topando a m\u00e1s cronistas cuando tuvo que entrar a la fiscal\u00eda.<\/p>\n<p class=\"paragraph\" data-mrf-recirculation=\"Links inline\">Despu\u00e9s de dos horas de declaraci\u00f3n en medio de un profundo hermetismo, Rodr\u00edguez tuvo que pedir ir al ba\u00f1o. Sabiendo que afuera aguardaban los periodistas, el fiscal Ramiro Gonz\u00e1lez y un secretario salieron primero de la oficina. Se dirigieron al ba\u00f1o p\u00fablico en vez de al privado que usan los funcionarios. Apenas unos minutos despu\u00e9s, el ex intendente de Olivos sal\u00eda del despacho para ir al ba\u00f1o de la fiscal\u00eda. Los periodistas lo esperaron enfocando sus c\u00e1maras para cuando saliera. Una vez m\u00e1s, no dijo nada.<\/p>\n<p class=\"paragraph\" data-mrf-recirculation=\"Links inline\">Eran casi las 16 cuando finalmente se retir\u00f3 de la fiscal\u00eda. Ya conoc\u00eda el camino de salida y tambi\u00e9n que los periodistas volver\u00edan a rodearlo. Los polic\u00edas lo acompa\u00f1aron hasta el ascensor en medio del tumulto. Hasta se sum\u00f3 \u201cZorrito\u201d, el perrito de Comodoro Py que suele desfilar por los pasillos de tribunales sin tener que pedir permiso.<\/p>\n","protected":false},"excerpt":{"rendered":"<p>Durante seis horas, Daniel Rodr\u00edguez declar\u00f3 como testigo ante el fiscal Ramiro Gonz\u00e1lez, la defensa del ex presidente y la querella de la ex primera dama. \u201cEl \u00e1nimo estaba caldeado\u201d, describi\u00f3 sobre la pareja. Sofia Pacchi declarar\u00e1 el 12 de septiembre. \u201cVa la segunda vez que Fabiola se cae en el ba\u00f1o\u2026Por qu\u00e9 no le [&hellip;]<\/p>\n","protected":false},"author":2,"featured_media":1923,"comment_status":"open","ping_status":"open","sticky":false,"template":"","format":"standard","meta":{"footnotes":""},"categories":[22,27],"tags":[],"class_list":{"0":"post-1922","1":"post","2":"type-post","3":"status-publish","4":"format-standard","5":"has-post-thumbnail","7":"category-nacionales","8":"category-policiales"},"aioseo_notices":[],"_links":{"self":[{"href":"https:\/\/elfaroonline.com.ar\/index.php\/wp-json\/wp\/v2\/posts\/1922","targetHints":{"allow":["GET"]}}],"collection":[{"href":"https:\/\/elfaroonline.com.ar\/index.php\/wp-json\/wp\/v2\/posts"}],"about":[{"href":"https:\/\/elfaroonline.com.ar\/index.php\/wp-json\/wp\/v2\/types\/post"}],"author":[{"embeddable":true,"href":"https:\/\/elfaroonline.com.ar\/index.php\/wp-json\/wp\/v2\/users\/2"}],"replies":[{"embeddable":true,"href":"https:\/\/elfaroonline.com.ar\/index.php\/wp-json\/wp\/v2\/comments?post=1922"}],"version-history":[{"count":1,"href":"https:\/\/elfaroonline.com.ar\/index.php\/wp-json\/wp\/v2\/posts\/1922\/revisions"}],"predecessor-version":[{"id":1924,"href":"https:\/\/elfaroonline.com.ar\/index.php\/wp-json\/wp\/v2\/posts\/1922\/revisions\/1924"}],"wp:featuredmedia":[{"embeddable":true,"href":"https:\/\/elfaroonline.com.ar\/index.php\/wp-json\/wp\/v2\/media\/1923"}],"wp:attachment":[{"href":"https:\/\/elfaroonline.com.ar\/index.php\/wp-json\/wp\/v2\/media?parent=1922"}],"wp:term":[{"taxonomy":"category","embeddable":true,"href":"https:\/\/elfaroonline.com.ar\/index.php\/wp-json\/wp\/v2\/categories?post=1922"},{"taxonomy":"post_tag","embeddable":true,"href":"https:\/\/elfaroonline.com.ar\/index.php\/wp-json\/wp\/v2\/tags?post=1922"}],"curies":[{"name":"wp","href":"https:\/\/api.w.org\/{rel}","templated":true}]}}