{"id":1941,"date":"2024-08-29T14:51:21","date_gmt":"2024-08-29T17:51:21","guid":{"rendered":"https:\/\/elfaroonline.com.ar\/?p=1941"},"modified":"2024-08-29T14:51:21","modified_gmt":"2024-08-29T17:51:21","slug":"catamarca-impulsa-la-transformacion-educativa-con-nuevo-plan-para-la-educacion-del-futuro","status":"publish","type":"post","link":"https:\/\/elfaroonline.com.ar\/index.php\/2024\/08\/29\/catamarca-impulsa-la-transformacion-educativa-con-nuevo-plan-para-la-educacion-del-futuro\/","title":{"rendered":"Catamarca impulsa la transformaci\u00f3n educativa con nuevo plan para la educaci\u00f3n del futuro"},"content":{"rendered":"<p class=\"v1MsoNormal\">El gobernador Ra\u00fal Jalil, acompa\u00f1ado por el ministro de Educaci\u00f3n Dalmacio Mera, inaugur\u00f3 las renovaciones del Sal\u00f3n de Actos de la Escuela Normal Clara J. Armstrong, escenario donde se present\u00f3 el ambicioso programa &#8220;Transformando la educaci\u00f3n para una mayor autonom\u00eda&#8221;. Este evento cont\u00f3 con la participaci\u00f3n de autoridades nacionales y provinciales, representantes de la sociedad civil y la comunidad educativa.<\/p>\n<p class=\"v1MsoNormal\">El nuevo programa, que busca revolucionar el sistema educativo de Catamarca, se centra en diez ejes estrat\u00e9gicos dise\u00f1ados para abordar los desaf\u00edos m\u00e1s urgentes de la educaci\u00f3n en la provincia.<\/p>\n<p class=\"v1MsoNormal\">Durante la presentaci\u00f3n, se dio a conocer el &#8220;Plan Educativo \u2013 Catamarca 2024-2039&#8221;, un documento que destaca la importancia de la alfabetizaci\u00f3n inicial, el desarrollo de habilidades tecnol\u00f3gicas, y la promoci\u00f3n del pensamiento cr\u00edtico y la identidad cultural. Adem\u00e1s, subraya la relevancia de una educaci\u00f3n inclusiva y equitativa, que prepare a los estudiantes para enfrentar los desaf\u00edos de un mundo en constante cambio.<\/p>\n<p class=\"v1MsoNormal\">El gobernador Ra\u00fal Jalil destac\u00f3 la necesidad de transformar la educaci\u00f3n en la provincia, enfoc\u00e1ndose en la preparaci\u00f3n de los estudiantes para el futuro. &#8220;Es fundamental ense\u00f1ar que la rob\u00f3tica y la inteligencia artificial son los nuevos ejes y desaf\u00edos de la educaci\u00f3n&#8221;, subray\u00f3.<\/p>\n<p class=\"v1MsoNormal\">&#8220;Debemos adaptar el sistema educativo y trabajar en equipo con los docentes y la Universidad para tomar decisiones que nos permitan avanzar en este camino&#8221;, enfatiz\u00f3.<\/p>\n<p class=\"v1MsoNormal\">Toda la informaci\u00f3n sobre este innovador programa est\u00e1 disponible en el portal web del Ministerio de Educaci\u00f3n, donde tambi\u00e9n se ha habilitado un buz\u00f3n de sugerencias para que la sociedad catamarque\u00f1a pueda contribuir con sus opiniones y propuestas.<\/p>\n<p class=\"v1MsoNormal\">En lo que respecta a las obras concretadas en la Escuela Normal Clara J. Armstrong se ejecut\u00f3 la re funcionalizaci\u00f3n integral del sal\u00f3n de actos, que incluy\u00f3 mejoras en iluminaci\u00f3n, pintura y sonido, refacciones en ba\u00f1os y vestuarios, lustrado de pisos de parquet, nuevas aberturas de ingreso, egreso con salidas de emergencia y puesta en valor del escenario. Los trabajos demandaron 5 meses y fueron realizados por\u00a0 Administraci\u00f3n del Ministerio de Infraestructura y Obras Civiles.<\/p>\n<p class=\"v1MsoNormal\">Del acto participaron el vicegobernador, Rub\u00e9n Dusso; el senador Nacional, Guillermo Andrada; el ministro de Infraestructura y Obras Civiles, Juan Marchetti; la presidenta de la Corte de Justicia, Fernanda Rosales; el juez de la Corte, Hern\u00e1n Martel; el rector de la Universidad Nacional de Catamarca, Oscar Arellano; legisladores provinciales, entre otras autoridades.<\/p>\n","protected":false},"excerpt":{"rendered":"<p>El gobernador Ra\u00fal Jalil, acompa\u00f1ado por el ministro de Educaci\u00f3n Dalmacio Mera, inaugur\u00f3 las renovaciones del Sal\u00f3n de Actos de la Escuela Normal Clara J. Armstrong, escenario donde se present\u00f3 el ambicioso programa &#8220;Transformando la educaci\u00f3n para una mayor autonom\u00eda&#8221;. Este evento cont\u00f3 con la participaci\u00f3n de autoridades nacionales y provinciales, representantes de la sociedad [&hellip;]<\/p>\n","protected":false},"author":2,"featured_media":1942,"comment_status":"open","ping_status":"open","sticky":false,"template":"","format":"standard","meta":{"footnotes":""},"categories":[23,20],"tags":[],"class_list":{"0":"post-1941","1":"post","2":"type-post","3":"status-publish","4":"format-standard","5":"has-post-thumbnail","7":"category-destacados","8":"category-sociedad"},"aioseo_notices":[],"_links":{"self":[{"href":"https:\/\/elfaroonline.com.ar\/index.php\/wp-json\/wp\/v2\/posts\/1941","targetHints":{"allow":["GET"]}}],"collection":[{"href":"https:\/\/elfaroonline.com.ar\/index.php\/wp-json\/wp\/v2\/posts"}],"about":[{"href":"https:\/\/elfaroonline.com.ar\/index.php\/wp-json\/wp\/v2\/types\/post"}],"author":[{"embeddable":true,"href":"https:\/\/elfaroonline.com.ar\/index.php\/wp-json\/wp\/v2\/users\/2"}],"replies":[{"embeddable":true,"href":"https:\/\/elfaroonline.com.ar\/index.php\/wp-json\/wp\/v2\/comments?post=1941"}],"version-history":[{"count":1,"href":"https:\/\/elfaroonline.com.ar\/index.php\/wp-json\/wp\/v2\/posts\/1941\/revisions"}],"predecessor-version":[{"id":1943,"href":"https:\/\/elfaroonline.com.ar\/index.php\/wp-json\/wp\/v2\/posts\/1941\/revisions\/1943"}],"wp:featuredmedia":[{"embeddable":true,"href":"https:\/\/elfaroonline.com.ar\/index.php\/wp-json\/wp\/v2\/media\/1942"}],"wp:attachment":[{"href":"https:\/\/elfaroonline.com.ar\/index.php\/wp-json\/wp\/v2\/media?parent=1941"}],"wp:term":[{"taxonomy":"category","embeddable":true,"href":"https:\/\/elfaroonline.com.ar\/index.php\/wp-json\/wp\/v2\/categories?post=1941"},{"taxonomy":"post_tag","embeddable":true,"href":"https:\/\/elfaroonline.com.ar\/index.php\/wp-json\/wp\/v2\/tags?post=1941"}],"curies":[{"name":"wp","href":"https:\/\/api.w.org\/{rel}","templated":true}]}}