{"id":1947,"date":"2024-08-30T07:25:51","date_gmt":"2024-08-30T10:25:51","guid":{"rendered":"https:\/\/elfaroonline.com.ar\/?p=1947"},"modified":"2024-08-30T07:25:51","modified_gmt":"2024-08-30T10:25:51","slug":"arcor-reafirmo-su-compromiso-con-el-desarrollo-productivo-de-catamarca","status":"publish","type":"post","link":"https:\/\/elfaroonline.com.ar\/index.php\/2024\/08\/30\/arcor-reafirmo-su-compromiso-con-el-desarrollo-productivo-de-catamarca\/","title":{"rendered":"ARCOR reafirm\u00f3 su compromiso con el desarrollo productivo de Catamarca"},"content":{"rendered":"<p class=\"v1MsoNormal\">El gobernador Ra\u00fal Jalil, junto al presidente del Grupo ARCOR, Luis Pagani, recorrieron la planta ubicada en Recreo, un ejemplo destacado de desarrollo industrial en nuestra provincia y dialogaron sobre nuevas inversiones planificadas por la empresa.<\/p>\n<p class=\"v1MsoNormal\">En este punto, desde la empresa manifestaron su decisi\u00f3n de seguir invirtiendo en equipamiento productivo en Recreo. Cabe recordar que ARCOR est\u00e1 instalada en la ciudad lapace\u00f1a desde el a\u00f1o 1988 impulsando el crecimiento laboral, econ\u00f3mico y productivo de esta regi\u00f3n de Catamarca.<\/p>\n<p class=\"v1MsoNormal\">Las autoridades de la empresa expresaron que proyectan diversas obras como el desarrollo de un parque solar de 5,2 megas, una l\u00ednea de distribuci\u00f3n directa de energ\u00eda desde Recreo a la planta, implementaci\u00f3n de un plan de adecuaci\u00f3n que incluye el cambio de ca\u00f1er\u00eda desde Motegasta, entre otras, para lo cual dialogaron con las autoridades de la EC Sapem y Aguas de Catamarca presentes.<\/p>\n<p class=\"v1MsoNormal\">En la reuni\u00f3n tambi\u00e9n estuvieron presentes los ministros de Industria, Comercio y Empleo, Sebasti\u00e1n Caria, y de Vivienda y Urbanizaci\u00f3n, Fidel S\u00e1enz, a quienes la gerencia de la empresa solicit\u00f3 la implementaci\u00f3n de diferentes acciones para potenciar la infraestructura.<\/p>\n<p class=\"v1MsoNormal\">Por \u00faltimo, con el intendente de Recreo, Luis Polti, se dialog\u00f3 sobre obras para la jurisdicci\u00f3n entre las que se mencionaron la construcci\u00f3n de una escuela t\u00e9cnica similar a las que se construyen en el Oeste provincial y un nuevo hospital en la zona.<\/p>\n","protected":false},"excerpt":{"rendered":"<p>El gobernador Ra\u00fal Jalil, junto al presidente del Grupo ARCOR, Luis Pagani, recorrieron la planta ubicada en Recreo, un ejemplo destacado de desarrollo industrial en nuestra provincia y dialogaron sobre nuevas inversiones planificadas por la empresa. En este punto, desde la empresa manifestaron su decisi\u00f3n de seguir invirtiendo en equipamiento productivo en Recreo. Cabe recordar [&hellip;]<\/p>\n","protected":false},"author":2,"featured_media":1948,"comment_status":"open","ping_status":"open","sticky":false,"template":"","format":"standard","meta":{"footnotes":""},"categories":[23,21],"tags":[],"class_list":{"0":"post-1947","1":"post","2":"type-post","3":"status-publish","4":"format-standard","5":"has-post-thumbnail","7":"category-destacados","8":"category-politica"},"aioseo_notices":[],"_links":{"self":[{"href":"https:\/\/elfaroonline.com.ar\/index.php\/wp-json\/wp\/v2\/posts\/1947","targetHints":{"allow":["GET"]}}],"collection":[{"href":"https:\/\/elfaroonline.com.ar\/index.php\/wp-json\/wp\/v2\/posts"}],"about":[{"href":"https:\/\/elfaroonline.com.ar\/index.php\/wp-json\/wp\/v2\/types\/post"}],"author":[{"embeddable":true,"href":"https:\/\/elfaroonline.com.ar\/index.php\/wp-json\/wp\/v2\/users\/2"}],"replies":[{"embeddable":true,"href":"https:\/\/elfaroonline.com.ar\/index.php\/wp-json\/wp\/v2\/comments?post=1947"}],"version-history":[{"count":1,"href":"https:\/\/elfaroonline.com.ar\/index.php\/wp-json\/wp\/v2\/posts\/1947\/revisions"}],"predecessor-version":[{"id":1949,"href":"https:\/\/elfaroonline.com.ar\/index.php\/wp-json\/wp\/v2\/posts\/1947\/revisions\/1949"}],"wp:featuredmedia":[{"embeddable":true,"href":"https:\/\/elfaroonline.com.ar\/index.php\/wp-json\/wp\/v2\/media\/1948"}],"wp:attachment":[{"href":"https:\/\/elfaroonline.com.ar\/index.php\/wp-json\/wp\/v2\/media?parent=1947"}],"wp:term":[{"taxonomy":"category","embeddable":true,"href":"https:\/\/elfaroonline.com.ar\/index.php\/wp-json\/wp\/v2\/categories?post=1947"},{"taxonomy":"post_tag","embeddable":true,"href":"https:\/\/elfaroonline.com.ar\/index.php\/wp-json\/wp\/v2\/tags?post=1947"}],"curies":[{"name":"wp","href":"https:\/\/api.w.org\/{rel}","templated":true}]}}