{"id":1950,"date":"2024-08-30T07:26:21","date_gmt":"2024-08-30T10:26:21","guid":{"rendered":"https:\/\/elfaroonline.com.ar\/?p=1950"},"modified":"2024-08-30T07:26:21","modified_gmt":"2024-08-30T10:26:21","slug":"acreditacion-de-haberes-para-la-administracion-publica-3","status":"publish","type":"post","link":"https:\/\/elfaroonline.com.ar\/index.php\/2024\/08\/30\/acreditacion-de-haberes-para-la-administracion-publica-3\/","title":{"rendered":"Acreditaci\u00f3n de haberes para la Administraci\u00f3n P\u00fablica"},"content":{"rendered":"<p class=\"v1MsoNormal\">El Ministerio de Econom\u00eda informa el cronograma de acreditaci\u00f3n de los haberes correspondiente a agosto 2024.<\/p>\n<p class=\"v1MsoNormal\">Las fechas de acreditaci\u00f3n son las siguientes:<\/p>\n<p class=\"v1MsoNormal\">-Mi\u00e9rcoles 4 de septiembre: Docentes<\/p>\n<p class=\"v1MsoNormal\">-Jueves 5 de septiembre: Empleados de la Administraci\u00f3n P\u00fablica<\/p>\n","protected":false},"excerpt":{"rendered":"<p>El Ministerio de Econom\u00eda informa el cronograma de acreditaci\u00f3n de los haberes correspondiente a agosto 2024. Las fechas de acreditaci\u00f3n son las siguientes: -Mi\u00e9rcoles 4 de septiembre: Docentes -Jueves 5 de septiembre: Empleados de la Administraci\u00f3n P\u00fablica<\/p>\n","protected":false},"author":2,"featured_media":1951,"comment_status":"open","ping_status":"open","sticky":false,"template":"","format":"standard","meta":{"footnotes":""},"categories":[20],"tags":[],"class_list":{"0":"post-1950","1":"post","2":"type-post","3":"status-publish","4":"format-standard","5":"has-post-thumbnail","7":"category-sociedad"},"aioseo_notices":[],"_links":{"self":[{"href":"https:\/\/elfaroonline.com.ar\/index.php\/wp-json\/wp\/v2\/posts\/1950","targetHints":{"allow":["GET"]}}],"collection":[{"href":"https:\/\/elfaroonline.com.ar\/index.php\/wp-json\/wp\/v2\/posts"}],"about":[{"href":"https:\/\/elfaroonline.com.ar\/index.php\/wp-json\/wp\/v2\/types\/post"}],"author":[{"embeddable":true,"href":"https:\/\/elfaroonline.com.ar\/index.php\/wp-json\/wp\/v2\/users\/2"}],"replies":[{"embeddable":true,"href":"https:\/\/elfaroonline.com.ar\/index.php\/wp-json\/wp\/v2\/comments?post=1950"}],"version-history":[{"count":2,"href":"https:\/\/elfaroonline.com.ar\/index.php\/wp-json\/wp\/v2\/posts\/1950\/revisions"}],"predecessor-version":[{"id":1996,"href":"https:\/\/elfaroonline.com.ar\/index.php\/wp-json\/wp\/v2\/posts\/1950\/revisions\/1996"}],"wp:featuredmedia":[{"embeddable":true,"href":"https:\/\/elfaroonline.com.ar\/index.php\/wp-json\/wp\/v2\/media\/1951"}],"wp:attachment":[{"href":"https:\/\/elfaroonline.com.ar\/index.php\/wp-json\/wp\/v2\/media?parent=1950"}],"wp:term":[{"taxonomy":"category","embeddable":true,"href":"https:\/\/elfaroonline.com.ar\/index.php\/wp-json\/wp\/v2\/categories?post=1950"},{"taxonomy":"post_tag","embeddable":true,"href":"https:\/\/elfaroonline.com.ar\/index.php\/wp-json\/wp\/v2\/tags?post=1950"}],"curies":[{"name":"wp","href":"https:\/\/api.w.org\/{rel}","templated":true}]}}