{"id":1953,"date":"2024-08-30T07:26:44","date_gmt":"2024-08-30T10:26:44","guid":{"rendered":"https:\/\/elfaroonline.com.ar\/?p=1953"},"modified":"2024-08-30T07:26:44","modified_gmt":"2024-08-30T10:26:44","slug":"la-capital-y-la-corte-de-justicia-articulan-acciones-para-combatir-la-violencia-de-genero-con-un-nuevo-dispositivo-de-atencion-para-varones","status":"publish","type":"post","link":"https:\/\/elfaroonline.com.ar\/index.php\/2024\/08\/30\/la-capital-y-la-corte-de-justicia-articulan-acciones-para-combatir-la-violencia-de-genero-con-un-nuevo-dispositivo-de-atencion-para-varones\/","title":{"rendered":"La Capital y la Corte de Justicia articulan acciones para combatir la Violencia de G\u00e9nero con un nuevo dispositivo de Atenci\u00f3n para Varones"},"content":{"rendered":"<p class=\"v1MsoNormal\">En un paso significativo hacia la sensibilizaci\u00f3n y tratamiento de la violencia de g\u00e9nero, el intendente de la Capital, Gustavo Saadi, firm\u00f3 un acuerdo marco de colaboraci\u00f3n con la Corte de Justicia. Este convenio tiene como objetivo implementar un dispositivo de atenci\u00f3n integral, interdisciplinario y con perspectiva de g\u00e9nero destinado a varones que se ven involucrados en situaciones de violencia.<\/p>\n<p class=\"v1MsoNormal\">Este innovador dispositivo ser\u00e1 activado \u00fanicamente cuando as\u00ed lo ordenen las Juezas de Familia de la Primera Circunscripci\u00f3n Judicial, en el contexto de procesos judiciales que aborden casos donde se ejerza violencia de g\u00e9nero. La iniciativa busca no solo atender a los varones desde una perspectiva individual, sino tambi\u00e9n situar la problem\u00e1tica en un contexto socio-cultural m\u00e1s amplio, entendiendo que la violencia ejercida por hombres es un recurso aprendido dentro de una sociedad patriarcal y que se manifiesta de diversas formas: psicol\u00f3gica, f\u00edsica, sexual y econ\u00f3mica.<\/p>\n<p class=\"v1MsoNormal\">El Dispositivo de Atenci\u00f3n a Varones se fundamenta en el Modelo Ecol\u00f3gico Multidimensional y emplea un enfoque cognitivo conductual. Este enfoque es crucial para abordar las ra\u00edces del comportamiento violento, reconociendo que no se trata \u00fanicamente de una cuesti\u00f3n personal, sino que est\u00e1 profundamente arraigada en las din\u00e1micas sociales actuales. Para ello, se plantea una intervenci\u00f3n grupal coordinada por equipos especializados en la problem\u00e1tica, lo que permitir\u00e1 un abordaje m\u00e1s efectivo y comprensivo.<\/p>\n<p class=\"v1MsoNormal\">Un aspecto relevante del acuerdo es la inclusi\u00f3n obligatoria de una mujer en la coordinaci\u00f3n del dispositivo. Esta medida busca prevenir posibles alianzas o identificaciones entre varones que pudieran obstaculizar los objetivos del programa. La participaci\u00f3n femenina es fundamental para asegurar un ambiente seguro y propicio para todos los involucrados.<\/p>\n<p class=\"v1MsoNormal\">Los encuentros se realizan en formato de taller, con una duraci\u00f3n aproximada de 12 a 14 sesiones semanales. A trav\u00e9s de actividades interactivas, se abordar\u00e1n temas como roles y socializaci\u00f3n de g\u00e9nero, masculinidades, paternidades y estrategias para el control emocional.<\/p>\n<p class=\"v1MsoNormal\">La firma del convenio cont\u00f3 con la presencia de la presidenta de la Corte de Justicia, Fernanda Rosales Andreotti; los ministros Ver\u00f3nica Salda\u00f1o, Hern\u00e1n Martel y Miguel Figueroa Vicario; as\u00ed como Gabriela Molina, secretaria de la Mujer, acompa\u00f1ada por su equipo y representantes de la Oficina de Atenci\u00f3n a V\u00edctimas de Delitos. Todos ellos coincidieron en la importancia del trabajo conjunto entre las instituciones para abordar esta problem\u00e1tica social que afecta a toda la comunidad.<\/p>\n<p class=\"v1MsoNormal\">Con esta iniciativa, el municipio y el sistema judicial se comprometen a dar pasos firmes hacia una sociedad m\u00e1s justa e igualitaria, donde se reconozcan y traten adecuadamente las complejidades de la violencia de g\u00e9nero desde todos sus \u00e1ngulos. Este acuerdo no solo representa una respuesta institucional ante una problem\u00e1tica creciente, sino tambi\u00e9n un compromiso hacia el cambio cultural necesario para erradicar este tipo de violencia en todas sus formas.<\/p>\n","protected":false},"excerpt":{"rendered":"<p>En un paso significativo hacia la sensibilizaci\u00f3n y tratamiento de la violencia de g\u00e9nero, el intendente de la Capital, Gustavo Saadi, firm\u00f3 un acuerdo marco de colaboraci\u00f3n con la Corte de Justicia. Este convenio tiene como objetivo implementar un dispositivo de atenci\u00f3n integral, interdisciplinario y con perspectiva de g\u00e9nero destinado a varones que se ven [&hellip;]<\/p>\n","protected":false},"author":2,"featured_media":1954,"comment_status":"open","ping_status":"open","sticky":false,"template":"","format":"standard","meta":{"footnotes":""},"categories":[21],"tags":[],"class_list":{"0":"post-1953","1":"post","2":"type-post","3":"status-publish","4":"format-standard","5":"has-post-thumbnail","7":"category-politica"},"aioseo_notices":[],"_links":{"self":[{"href":"https:\/\/elfaroonline.com.ar\/index.php\/wp-json\/wp\/v2\/posts\/1953","targetHints":{"allow":["GET"]}}],"collection":[{"href":"https:\/\/elfaroonline.com.ar\/index.php\/wp-json\/wp\/v2\/posts"}],"about":[{"href":"https:\/\/elfaroonline.com.ar\/index.php\/wp-json\/wp\/v2\/types\/post"}],"author":[{"embeddable":true,"href":"https:\/\/elfaroonline.com.ar\/index.php\/wp-json\/wp\/v2\/users\/2"}],"replies":[{"embeddable":true,"href":"https:\/\/elfaroonline.com.ar\/index.php\/wp-json\/wp\/v2\/comments?post=1953"}],"version-history":[{"count":1,"href":"https:\/\/elfaroonline.com.ar\/index.php\/wp-json\/wp\/v2\/posts\/1953\/revisions"}],"predecessor-version":[{"id":1955,"href":"https:\/\/elfaroonline.com.ar\/index.php\/wp-json\/wp\/v2\/posts\/1953\/revisions\/1955"}],"wp:featuredmedia":[{"embeddable":true,"href":"https:\/\/elfaroonline.com.ar\/index.php\/wp-json\/wp\/v2\/media\/1954"}],"wp:attachment":[{"href":"https:\/\/elfaroonline.com.ar\/index.php\/wp-json\/wp\/v2\/media?parent=1953"}],"wp:term":[{"taxonomy":"category","embeddable":true,"href":"https:\/\/elfaroonline.com.ar\/index.php\/wp-json\/wp\/v2\/categories?post=1953"},{"taxonomy":"post_tag","embeddable":true,"href":"https:\/\/elfaroonline.com.ar\/index.php\/wp-json\/wp\/v2\/tags?post=1953"}],"curies":[{"name":"wp","href":"https:\/\/api.w.org\/{rel}","templated":true}]}}