{"id":1963,"date":"2024-08-30T07:25:28","date_gmt":"2024-08-30T10:25:28","guid":{"rendered":"https:\/\/elfaroonline.com.ar\/?p=1963"},"modified":"2024-08-30T07:25:28","modified_gmt":"2024-08-30T10:25:28","slug":"santa-maria-gobierno-municipio-y-productores-trabajan-en-conjunto-para-fortalecer-la-produccion-viticola","status":"publish","type":"post","link":"https:\/\/elfaroonline.com.ar\/index.php\/2024\/08\/30\/santa-maria-gobierno-municipio-y-productores-trabajan-en-conjunto-para-fortalecer-la-produccion-viticola\/","title":{"rendered":"Santa Mar\u00eda: Gobierno, municipio y productores trabajan en conjunto para fortalecer la producci\u00f3n vit\u00edcola"},"content":{"rendered":"<p class=\"v1MsoNormal\">En un esfuerzo conjunto y con el objetivo de incrementar la producci\u00f3n de uva varietal en Santa Mar\u00eda, se firm\u00f3 en Casa de Gobierno un convenio entre la Municipalidad de Santa Mar\u00eda y el Ministerio de Inclusi\u00f3n Digital y Sistemas Productivos de la provincia.<\/p>\n<p class=\"v1MsoNormal\">Este acuerdo, que cont\u00f3 con la presencia del gobernador Ra\u00fal Jalil, el ministro Juan Cruz Miranda y la intendenta de Santa Mar\u00eda, \u00c9rica Inga, permitir\u00e1 la adquisici\u00f3n de 11.200 plantas de vid para dar impulso al crecimiento de la producci\u00f3n de uva varietal en el departamento del Oeste.<\/p>\n<p class=\"v1MsoNormal\">El convenio establece que el costo de las plantas ser\u00e1 compartido entre las tres partes involucradas: los productores de Santa Mar\u00eda asumir\u00e1n el 40% del valor de las plantas, mientras que el Ministerio de Inclusi\u00f3n Digital y Sistemas Productivos y la Municipalidad de Santa Mar\u00eda aportar\u00e1n el 60% restante.<\/p>\n<p class=\"v1MsoNormal\">La iniciativa beneficia a 50 peque\u00f1os productores de distintos puntos de Santa Mar\u00eda, que de esta forma podr\u00e1n mejorar sus perfiles productivos con m\u00e1s y mejor calidad de uva.<\/p>\n","protected":false},"excerpt":{"rendered":"<p>En un esfuerzo conjunto y con el objetivo de incrementar la producci\u00f3n de uva varietal en Santa Mar\u00eda, se firm\u00f3 en Casa de Gobierno un convenio entre la Municipalidad de Santa Mar\u00eda y el Ministerio de Inclusi\u00f3n Digital y Sistemas Productivos de la provincia. Este acuerdo, que cont\u00f3 con la presencia del gobernador Ra\u00fal Jalil, [&hellip;]<\/p>\n","protected":false},"author":2,"featured_media":1964,"comment_status":"open","ping_status":"open","sticky":false,"template":"","format":"standard","meta":{"footnotes":""},"categories":[20],"tags":[],"class_list":{"0":"post-1963","1":"post","2":"type-post","3":"status-publish","4":"format-standard","5":"has-post-thumbnail","7":"category-sociedad"},"aioseo_notices":[],"_links":{"self":[{"href":"https:\/\/elfaroonline.com.ar\/index.php\/wp-json\/wp\/v2\/posts\/1963","targetHints":{"allow":["GET"]}}],"collection":[{"href":"https:\/\/elfaroonline.com.ar\/index.php\/wp-json\/wp\/v2\/posts"}],"about":[{"href":"https:\/\/elfaroonline.com.ar\/index.php\/wp-json\/wp\/v2\/types\/post"}],"author":[{"embeddable":true,"href":"https:\/\/elfaroonline.com.ar\/index.php\/wp-json\/wp\/v2\/users\/2"}],"replies":[{"embeddable":true,"href":"https:\/\/elfaroonline.com.ar\/index.php\/wp-json\/wp\/v2\/comments?post=1963"}],"version-history":[{"count":2,"href":"https:\/\/elfaroonline.com.ar\/index.php\/wp-json\/wp\/v2\/posts\/1963\/revisions"}],"predecessor-version":[{"id":1995,"href":"https:\/\/elfaroonline.com.ar\/index.php\/wp-json\/wp\/v2\/posts\/1963\/revisions\/1995"}],"wp:featuredmedia":[{"embeddable":true,"href":"https:\/\/elfaroonline.com.ar\/index.php\/wp-json\/wp\/v2\/media\/1964"}],"wp:attachment":[{"href":"https:\/\/elfaroonline.com.ar\/index.php\/wp-json\/wp\/v2\/media?parent=1963"}],"wp:term":[{"taxonomy":"category","embeddable":true,"href":"https:\/\/elfaroonline.com.ar\/index.php\/wp-json\/wp\/v2\/categories?post=1963"},{"taxonomy":"post_tag","embeddable":true,"href":"https:\/\/elfaroonline.com.ar\/index.php\/wp-json\/wp\/v2\/tags?post=1963"}],"curies":[{"name":"wp","href":"https:\/\/api.w.org\/{rel}","templated":true}]}}