{"id":1966,"date":"2024-08-30T07:27:35","date_gmt":"2024-08-30T10:27:35","guid":{"rendered":"https:\/\/elfaroonline.com.ar\/?p=1966"},"modified":"2024-08-30T07:27:35","modified_gmt":"2024-08-30T10:27:35","slug":"la-capital-incrementa-su-parque-automotor-incorporan-ocho-camiones-0km-con-geolocalizacion","status":"publish","type":"post","link":"https:\/\/elfaroonline.com.ar\/index.php\/2024\/08\/30\/la-capital-incrementa-su-parque-automotor-incorporan-ocho-camiones-0km-con-geolocalizacion\/","title":{"rendered":"La Capital incrementa su parque automotor: incorporan ocho camiones 0km con geolocalizaci\u00f3n"},"content":{"rendered":"<p>El intendente de la Capital, Gustavo Saadi acompa\u00f1ado por el gobernador de la Provincia, Ra\u00fal Jalil realizaron la entrega de ocho camiones cero kil\u00f3metros que ser\u00e1n destinados a la recolecci\u00f3n de residuos en la ciudad, y un cami\u00f3n regador que se incorporar\u00e1 al \u00e1rea de Medio Ambiente.<br \/>\nCabe destacar que, los rodados destinados a la Secretar\u00eda de Servicios Ciudadanos cuentan con un sistema satelital de GPS que mostrar\u00e1 el recorrido, permitir\u00e1 registrar la velocidad para lograr un mayor control y cuidado de las unidades.<br \/>\nLa compra de est\u00e1s nuevas unidades se efect\u00faa gracias al trabajo en conjunto entre el gobierno provincial y municipal.<br \/>\nDurante un breve acto que se llev\u00f3 a cabo en el Parque Ad\u00e1n Quiroga, el intendente Gustavo Saadi se mostr\u00f3 muy contento con las nuevas unidades que permitir\u00e1n incrementar el parque automotor de la familia municipal. &#8220;Esto es un beneficio para los vecinos ya que permite tener mayor frecuencia en el recorrido y a la vez tener una ciudad m\u00e1s limpia&#8221; enfatiz\u00f3.<br \/>\nEl municipio de la Capital tiene uno de los parques automotores, en lo que a municipios se refiere, m\u00e1s importante del pa\u00eds, por lo que con esta entrega se afianza una vez m\u00e1s el compromiso del jefe comunal con la limpieza y el medio ambiente para lograr una Capital que se vea linda, limpia y sustentable.<br \/>\nPor su parte, el Secretario de Servicios Ciudadanos, Martin Barrionuevo agreg\u00f3: &#8220;est\u00e1s nuevas unidades vienen a optimizar y mejorar el servicio que diariamente ofrece la comuna&#8221;.<br \/>\nParticiparon adem\u00e1s de la entrega, el Ministro de Inclusi\u00f3n Digital de la Provincia, Juan Cruz Miranda y los Secretarios municipales de Gabinete y Modernizaci\u00f3n, Mariano Rosales y de Medio Ambiente, Nicolas Acu\u00f1a.<\/p>\n","protected":false},"excerpt":{"rendered":"<p>El intendente de la Capital, Gustavo Saadi acompa\u00f1ado por el gobernador de la Provincia, Ra\u00fal Jalil realizaron la entrega de ocho camiones cero kil\u00f3metros que ser\u00e1n destinados a la recolecci\u00f3n de residuos en la ciudad, y un cami\u00f3n regador que se incorporar\u00e1 al \u00e1rea de Medio Ambiente. Cabe destacar que, los rodados destinados a la [&hellip;]<\/p>\n","protected":false},"author":2,"featured_media":1967,"comment_status":"open","ping_status":"open","sticky":false,"template":"","format":"standard","meta":{"footnotes":""},"categories":[23,21],"tags":[],"class_list":{"0":"post-1966","1":"post","2":"type-post","3":"status-publish","4":"format-standard","5":"has-post-thumbnail","7":"category-destacados","8":"category-politica"},"aioseo_notices":[],"_links":{"self":[{"href":"https:\/\/elfaroonline.com.ar\/index.php\/wp-json\/wp\/v2\/posts\/1966","targetHints":{"allow":["GET"]}}],"collection":[{"href":"https:\/\/elfaroonline.com.ar\/index.php\/wp-json\/wp\/v2\/posts"}],"about":[{"href":"https:\/\/elfaroonline.com.ar\/index.php\/wp-json\/wp\/v2\/types\/post"}],"author":[{"embeddable":true,"href":"https:\/\/elfaroonline.com.ar\/index.php\/wp-json\/wp\/v2\/users\/2"}],"replies":[{"embeddable":true,"href":"https:\/\/elfaroonline.com.ar\/index.php\/wp-json\/wp\/v2\/comments?post=1966"}],"version-history":[{"count":1,"href":"https:\/\/elfaroonline.com.ar\/index.php\/wp-json\/wp\/v2\/posts\/1966\/revisions"}],"predecessor-version":[{"id":1968,"href":"https:\/\/elfaroonline.com.ar\/index.php\/wp-json\/wp\/v2\/posts\/1966\/revisions\/1968"}],"wp:featuredmedia":[{"embeddable":true,"href":"https:\/\/elfaroonline.com.ar\/index.php\/wp-json\/wp\/v2\/media\/1967"}],"wp:attachment":[{"href":"https:\/\/elfaroonline.com.ar\/index.php\/wp-json\/wp\/v2\/media?parent=1966"}],"wp:term":[{"taxonomy":"category","embeddable":true,"href":"https:\/\/elfaroonline.com.ar\/index.php\/wp-json\/wp\/v2\/categories?post=1966"},{"taxonomy":"post_tag","embeddable":true,"href":"https:\/\/elfaroonline.com.ar\/index.php\/wp-json\/wp\/v2\/tags?post=1966"}],"curies":[{"name":"wp","href":"https:\/\/api.w.org\/{rel}","templated":true}]}}