{"id":1969,"date":"2024-08-30T07:27:55","date_gmt":"2024-08-30T10:27:55","guid":{"rendered":"https:\/\/elfaroonline.com.ar\/?p=1969"},"modified":"2024-08-30T07:27:55","modified_gmt":"2024-08-30T10:27:55","slug":"una-multitud-se-acerco-al-catamarca-con-vos-en-icano","status":"publish","type":"post","link":"https:\/\/elfaroonline.com.ar\/index.php\/2024\/08\/30\/una-multitud-se-acerco-al-catamarca-con-vos-en-icano\/","title":{"rendered":"Una multitud se acerc\u00f3 al &#8220;Catamarca con Vos&#8221; en Ica\u00f1o"},"content":{"rendered":"<p class=\"v1MsoNormal\">Este mi\u00e9rcoles, los vecinos de Ica\u00f1o recibieron al Programa &#8220;Catamarca con Vos&#8221; con amplia aceptaci\u00f3n de la renovada propuesta de todos los organismos del Gobierno de Catamarca, en colaboraci\u00f3n con la Municipalidad de dicha localidad. Adem\u00e1s, pudieron acceder al mercado itinerante, capacitaciones y shows en vivo.<\/p>\n<p class=\"v1MsoNormal\">Una multitud de vecinos se hicieron presentes, llegando a realizarse dos mil prestaciones en esta oportunidad, con este programa provincial que pretende acercarse al interior de nuestra Provincia para mejorar la calidad de vida de sus habitantes. De esta manera, la gente pudo acceder a tr\u00e1mites de DNI, EC SAPEM, asistencia m\u00e9dica, servicios veterinarios, peluquer\u00eda, pol\u00edticas juveniles y de g\u00e9nero; entre otras cosas.<\/p>\n<p class=\"v1MsoNormal\">En el Polideportivo Municipal, la apertura del programa cultural se dio con el Ballet folcl\u00f3rico municipal &#8220;Identidades&#8221; y continu\u00f3 con el ballet municipal de Ica\u00f1o &#8220;Huella y tradici\u00f3n&#8221; y el d\u00fao &#8220;Los Changos Lapace\u00f1os&#8221;. De igual manera, los ciudadanos accedieron a la capacitaci\u00f3n en &#8220;Herramientas para la gesti\u00f3n administrativa e inform\u00e1tica en el \u00e1mbito municipal&#8221; y disfrutaron de la demostraci\u00f3n de canes de la Polic\u00eda.<\/p>\n<p class=\"v1MsoNormal\">El programa, tambi\u00e9n sum\u00f3 a los productores locales a un &#8220;mercado itinerante&#8221; para que ofrezcan sus productos aprovechando la afluencia de gente. Asimismo, ofrece a los ciudadanos acceso de manera f\u00e1cil y gratuita, solo con su DNI, a los organismos como el ENRE; EC SAPEM; OSEP; AGAP; Registro Civil; Direcci\u00f3n Provincial de Acci\u00f3n Cooperativa y Mutual; Inspecci\u00f3n General de Personas Jur\u00eddicas; Direcci\u00f3n Provincial de Derechos Humanos; Direcci\u00f3n Provincial de Justicia; Direcci\u00f3n Provincial de Mujeres, G\u00e9nero y Diversidad; Secretar\u00eda de Pol\u00edticas Juveniles; Ministerio de Desarrollo Social; Ministerio de Vivienda y Urbanizaci\u00f3n; Instituto Provincial de la Vivienda;\u00a0 Ministerio de Trabajo, Planificaci\u00f3n y Recursos Humanos; Ministerio de Seguridad; ARCA; Ministerio de Salud; Ministerio de Econom\u00eda; Direcci\u00f3n Provincial de Defensa del Consumidor y Direcci\u00f3n de Comercio y Servicios;\u00a0 Ministerio de Integraci\u00f3n Regional, Log\u00edstica y Transporte;\u00a0 Ministerio de Educaci\u00f3n; y Servicio de peluquer\u00eda gratuito.<\/p>\n","protected":false},"excerpt":{"rendered":"<p>Este mi\u00e9rcoles, los vecinos de Ica\u00f1o recibieron al Programa &#8220;Catamarca con Vos&#8221; con amplia aceptaci\u00f3n de la renovada propuesta de todos los organismos del Gobierno de Catamarca, en colaboraci\u00f3n con la Municipalidad de dicha localidad. Adem\u00e1s, pudieron acceder al mercado itinerante, capacitaciones y shows en vivo. Una multitud de vecinos se hicieron presentes, llegando a [&hellip;]<\/p>\n","protected":false},"author":2,"featured_media":1970,"comment_status":"open","ping_status":"open","sticky":false,"template":"","format":"standard","meta":{"footnotes":""},"categories":[23,20],"tags":[],"class_list":{"0":"post-1969","1":"post","2":"type-post","3":"status-publish","4":"format-standard","5":"has-post-thumbnail","7":"category-destacados","8":"category-sociedad"},"aioseo_notices":[],"_links":{"self":[{"href":"https:\/\/elfaroonline.com.ar\/index.php\/wp-json\/wp\/v2\/posts\/1969","targetHints":{"allow":["GET"]}}],"collection":[{"href":"https:\/\/elfaroonline.com.ar\/index.php\/wp-json\/wp\/v2\/posts"}],"about":[{"href":"https:\/\/elfaroonline.com.ar\/index.php\/wp-json\/wp\/v2\/types\/post"}],"author":[{"embeddable":true,"href":"https:\/\/elfaroonline.com.ar\/index.php\/wp-json\/wp\/v2\/users\/2"}],"replies":[{"embeddable":true,"href":"https:\/\/elfaroonline.com.ar\/index.php\/wp-json\/wp\/v2\/comments?post=1969"}],"version-history":[{"count":1,"href":"https:\/\/elfaroonline.com.ar\/index.php\/wp-json\/wp\/v2\/posts\/1969\/revisions"}],"predecessor-version":[{"id":1971,"href":"https:\/\/elfaroonline.com.ar\/index.php\/wp-json\/wp\/v2\/posts\/1969\/revisions\/1971"}],"wp:featuredmedia":[{"embeddable":true,"href":"https:\/\/elfaroonline.com.ar\/index.php\/wp-json\/wp\/v2\/media\/1970"}],"wp:attachment":[{"href":"https:\/\/elfaroonline.com.ar\/index.php\/wp-json\/wp\/v2\/media?parent=1969"}],"wp:term":[{"taxonomy":"category","embeddable":true,"href":"https:\/\/elfaroonline.com.ar\/index.php\/wp-json\/wp\/v2\/categories?post=1969"},{"taxonomy":"post_tag","embeddable":true,"href":"https:\/\/elfaroonline.com.ar\/index.php\/wp-json\/wp\/v2\/tags?post=1969"}],"curies":[{"name":"wp","href":"https:\/\/api.w.org\/{rel}","templated":true}]}}