{"id":2021,"date":"2024-09-02T17:49:09","date_gmt":"2024-09-02T20:49:09","guid":{"rendered":"https:\/\/elfaroonline.com.ar\/?p=2021"},"modified":"2024-09-02T17:49:09","modified_gmt":"2024-09-02T20:49:09","slug":"la-secretaria-de-prensa-capacita-en-comunicacion-institucional-en-redes-sociales-a-municipios-del-interior","status":"publish","type":"post","link":"https:\/\/elfaroonline.com.ar\/index.php\/2024\/09\/02\/la-secretaria-de-prensa-capacita-en-comunicacion-institucional-en-redes-sociales-a-municipios-del-interior\/","title":{"rendered":"La Secretar\u00eda de Prensa capacita en Comunicaci\u00f3n Institucional en Redes Sociales a municipios del interior"},"content":{"rendered":"<p class=\"v1MsoNormal\">El organismo provincial lleva a cabo un ciclo de capacitaciones en Comunicaci\u00f3n Institucional en Redes Sociales en diversos municipios del interior de la provincia. Estas capacitaciones se centran en temas clave como la creaci\u00f3n de campa\u00f1as publicitarias, fotograf\u00eda institucional y la importancia de contar con un manual de marca.<\/p>\n<p class=\"v1MsoNormal\">Adem\u00e1s, se ofrece una exposici\u00f3n y taller sobre la Gesti\u00f3n de Redes Sociales, abordando aspectos fundamentales como las plataformas, la creaci\u00f3n de contenido, redacci\u00f3n, m\u00e9tricas y la elaboraci\u00f3n de un plan de comunicaci\u00f3n digital.<\/p>\n<p class=\"v1MsoNormal\">Cada taller concluye con una actividad pr\u00e1ctica que permite a los participantes aplicar todas las herramientas adquiridas durante las sesiones.<\/p>\n<p class=\"v1MsoNormal\">El ciclo de capacitaciones ha tenido una destacada e importante participaci\u00f3n en las diversas localidades que se llev\u00f3 a cabo hasta el momento. Cont\u00f3 con 80 asistentes en Bel\u00e9n, 60 en Saujil, 60 en el Consejo de Ciencias Econ\u00f3micas, y 150 en Santa Mar\u00eda. Pr\u00f3ximamente se realizar\u00e1 en Los Altos y Tinogasta.<\/p>\n<p class=\"v1MsoNormal\">Este ciclo de capacitaciones refleja el compromiso de la Secretar\u00eda de Prensa y Coordinaci\u00f3n que conduce Diego Moreno por fortalecer las competencias comunicacionales en las instituciones locales de los distintos municipios de la provincia.<\/p>\n<p class=\"v1MsoNormal\"><b>De inter\u00e9s educativo<\/b><\/p>\n<p class=\"v1MsoNormal\">El Concejo Deliberante de Santa Mar\u00eda mediante Resoluci\u00f3n N\u00b0036\/2024, declar\u00f3 de inter\u00e9s general y educativo el &#8220;Taller Intensivo de Comunicaci\u00f3n Institucional Integral en Redes Sociales&#8221;.<\/p>\n<p class=\"v1MsoNormal\">Esta capacitaci\u00f3n se realiz\u00f3 en el Sal\u00f3n de Usos M\u00faltiples (SUM) del Gimnasio Municipal de Santa Mar\u00eda con la participaci\u00f3n de 150 personas relacionadas a equipos de prensa de diversas instituciones locales y municipios vecinos. Tambi\u00e9n participaron emprendedores, prestadores de servicios tur\u00edsticos, creadores de contenido y el p\u00fablico en general.<\/p>\n","protected":false},"excerpt":{"rendered":"<p>El organismo provincial lleva a cabo un ciclo de capacitaciones en Comunicaci\u00f3n Institucional en Redes Sociales en diversos municipios del interior de la provincia. Estas capacitaciones se centran en temas clave como la creaci\u00f3n de campa\u00f1as publicitarias, fotograf\u00eda institucional y la importancia de contar con un manual de marca. Adem\u00e1s, se ofrece una exposici\u00f3n y [&hellip;]<\/p>\n","protected":false},"author":2,"featured_media":2022,"comment_status":"open","ping_status":"open","sticky":false,"template":"","format":"standard","meta":{"footnotes":""},"categories":[20],"tags":[],"class_list":{"0":"post-2021","1":"post","2":"type-post","3":"status-publish","4":"format-standard","5":"has-post-thumbnail","7":"category-sociedad"},"aioseo_notices":[],"_links":{"self":[{"href":"https:\/\/elfaroonline.com.ar\/index.php\/wp-json\/wp\/v2\/posts\/2021","targetHints":{"allow":["GET"]}}],"collection":[{"href":"https:\/\/elfaroonline.com.ar\/index.php\/wp-json\/wp\/v2\/posts"}],"about":[{"href":"https:\/\/elfaroonline.com.ar\/index.php\/wp-json\/wp\/v2\/types\/post"}],"author":[{"embeddable":true,"href":"https:\/\/elfaroonline.com.ar\/index.php\/wp-json\/wp\/v2\/users\/2"}],"replies":[{"embeddable":true,"href":"https:\/\/elfaroonline.com.ar\/index.php\/wp-json\/wp\/v2\/comments?post=2021"}],"version-history":[{"count":1,"href":"https:\/\/elfaroonline.com.ar\/index.php\/wp-json\/wp\/v2\/posts\/2021\/revisions"}],"predecessor-version":[{"id":2023,"href":"https:\/\/elfaroonline.com.ar\/index.php\/wp-json\/wp\/v2\/posts\/2021\/revisions\/2023"}],"wp:featuredmedia":[{"embeddable":true,"href":"https:\/\/elfaroonline.com.ar\/index.php\/wp-json\/wp\/v2\/media\/2022"}],"wp:attachment":[{"href":"https:\/\/elfaroonline.com.ar\/index.php\/wp-json\/wp\/v2\/media?parent=2021"}],"wp:term":[{"taxonomy":"category","embeddable":true,"href":"https:\/\/elfaroonline.com.ar\/index.php\/wp-json\/wp\/v2\/categories?post=2021"},{"taxonomy":"post_tag","embeddable":true,"href":"https:\/\/elfaroonline.com.ar\/index.php\/wp-json\/wp\/v2\/tags?post=2021"}],"curies":[{"name":"wp","href":"https:\/\/api.w.org\/{rel}","templated":true}]}}