{"id":2027,"date":"2024-09-02T17:57:04","date_gmt":"2024-09-02T20:57:04","guid":{"rendered":"https:\/\/elfaroonline.com.ar\/?p=2027"},"modified":"2024-09-02T17:57:04","modified_gmt":"2024-09-02T20:57:04","slug":"la-justicia-fallo-a-favor-de-la-afa-y-ordeno-suspender-la-reglamentacion-de-las-sad-que-impulsa-el-gobierno","status":"publish","type":"post","link":"https:\/\/elfaroonline.com.ar\/index.php\/2024\/09\/02\/la-justicia-fallo-a-favor-de-la-afa-y-ordeno-suspender-la-reglamentacion-de-las-sad-que-impulsa-el-gobierno\/","title":{"rendered":"La Justicia fall\u00f3 a favor de la AFA y orden\u00f3 suspender la reglamentaci\u00f3n de las SAD que impulsa el Gobierno"},"content":{"rendered":"<p>El Poder Judicial de la Naci\u00f3n, a trav\u00e9s del Juzgado Federal de Mercedes, <b>decidi\u00f3 avalar la medida cautelar presentada por la Asociaci\u00f3n del F\u00fatbol Argentino (AFA)<\/b> en el marco del expediente n\u00famero 22121\/2024, <b>y le orden\u00f3 al Gobierno la suspensi\u00f3n de los efectos de los art\u00edculos 335 y 345 del DNU 70\/2023 y la reglamentaci\u00f3n de las SAD<\/b>. La medida rige hasta que sea dictada la sentencia definitiva.<\/p>\n<p>La entidad madre del f\u00fatbol argentino, que fue representada por el abogado <b>Dr. Alejo Kufer<\/b>promovi\u00f3 una acci\u00f3n declarativa de inconstitucionalidad contra el Estado Nacional, en la que cuestion\u00f3 la legitimidad de ciertos art\u00edculos de un decreto dictado por el Poder Ejecutivo Nacional.<\/p>\n<p>Seg\u00fan la argumentaci\u00f3n de la AFA, los mencionados decretos, que afectan la estructura y funcionamiento de las asociaciones deportivas, constituyen <b>\u201cuna palmaria intromisi\u00f3n del Estado Nacional en entidades privadas\u201d<\/b> y <b>\u201cviolan un sinn\u00famero de art\u00edculos de la Constituci\u00f3n Nacional\u201d<\/b>.<\/p>\n<p class=\"paragraph\" data-mrf-recirculation=\"Links inline\">El Dr. Kufer, en representaci\u00f3n de la AFA, manifest\u00f3 que la acci\u00f3n tiene como objetivo proteger \u201cel derecho constitucional de asociaci\u00f3n con fines \u00fatiles (Art\u00edculo 14 CN), la libre asociaci\u00f3n (Art\u00edculo 16 CADH) y la autonom\u00eda de la voluntad y la reserva de acciones privadas (Art\u00edculo 19 CN)\u201d. Adem\u00e1s, se\u00f1ala que las disposiciones impugnadas \u201ccarecen de fundamento que justifique la necesidad y urgencia\u201d y reflejan \u201cuna desviaci\u00f3n de poder patente\u201d.<\/p>\n<p class=\"paragraph\" data-mrf-recirculation=\"Links inline\">En su dictamen, <b>el juez Elpidio Portocarrero Tezanos Pinto<\/b> record\u00f3 que la eficacia del proceso cautelar reside en \u201casegurar la eficacia pr\u00e1ctica de la sentencia que debe recaer en una causa\u201d y que la pretensi\u00f3n de la AFA \u201cno depende de un conocimiento exhaustivo y profundo de la materia controvertida\u201d, sino de \u201cun an\u00e1lisis de mera probabilidad acerca de la existencia del derecho discutido\u201d. Por ende, el tribunal resolvi\u00f3 hacer lugar a la medida cautelar solicitada, ordenando \u201cla suspensi\u00f3n de los efectos en los t\u00e9rminos y alcances del Art\u00edculo 13 de la ley 26.854 de los art\u00edculos 335 y 345 del DNU 70\/2023 y del Decreto Reglamentario 730\/2024, hasta tanto sea dictada la sentencia definitiva\u201d.<\/p>\n<p data-mrf-recirculation=\"Links inline\">La instituci\u00f3n que preside <b>Chiqui Tapia<\/b> a trav\u00e9s de su abogado fundament\u00f3 la necesidad de esta medida cautelar para <b>\u201cevitar que Sociedades An\u00f3nimas, que no cumplen con los requisitos necesarios para ser miembros de la AFA, adquieran, en virtud de estos decretos, un derecho que las obligue a ser aceptadas\u201d<\/b>. Adem\u00e1s, alude a la importancia de evitar un \u201cdispendio jurisdiccional innecesario, sentencias contradictorias y colaborar con la celeridad procesal\u201d, dado que existe una acci\u00f3n similar \u201ciniciada por la Liga de F\u00fatbol de Salto\u201d que se tramita en el mismo juzgado y que tambi\u00e9n ha sido aceptada como tercero interesado.<\/p>\n","protected":false},"excerpt":{"rendered":"<p>El Poder Judicial de la Naci\u00f3n, a trav\u00e9s del Juzgado Federal de Mercedes, decidi\u00f3 avalar la medida cautelar presentada por la Asociaci\u00f3n del F\u00fatbol Argentino (AFA) en el marco del expediente n\u00famero 22121\/2024, y le orden\u00f3 al Gobierno la suspensi\u00f3n de los efectos de los art\u00edculos 335 y 345 del DNU 70\/2023 y la reglamentaci\u00f3n [&hellip;]<\/p>\n","protected":false},"author":2,"featured_media":2028,"comment_status":"open","ping_status":"open","sticky":false,"template":"","format":"standard","meta":{"footnotes":""},"categories":[25],"tags":[],"class_list":{"0":"post-2027","1":"post","2":"type-post","3":"status-publish","4":"format-standard","5":"has-post-thumbnail","7":"category-deportes"},"aioseo_notices":[],"_links":{"self":[{"href":"https:\/\/elfaroonline.com.ar\/index.php\/wp-json\/wp\/v2\/posts\/2027","targetHints":{"allow":["GET"]}}],"collection":[{"href":"https:\/\/elfaroonline.com.ar\/index.php\/wp-json\/wp\/v2\/posts"}],"about":[{"href":"https:\/\/elfaroonline.com.ar\/index.php\/wp-json\/wp\/v2\/types\/post"}],"author":[{"embeddable":true,"href":"https:\/\/elfaroonline.com.ar\/index.php\/wp-json\/wp\/v2\/users\/2"}],"replies":[{"embeddable":true,"href":"https:\/\/elfaroonline.com.ar\/index.php\/wp-json\/wp\/v2\/comments?post=2027"}],"version-history":[{"count":1,"href":"https:\/\/elfaroonline.com.ar\/index.php\/wp-json\/wp\/v2\/posts\/2027\/revisions"}],"predecessor-version":[{"id":2029,"href":"https:\/\/elfaroonline.com.ar\/index.php\/wp-json\/wp\/v2\/posts\/2027\/revisions\/2029"}],"wp:featuredmedia":[{"embeddable":true,"href":"https:\/\/elfaroonline.com.ar\/index.php\/wp-json\/wp\/v2\/media\/2028"}],"wp:attachment":[{"href":"https:\/\/elfaroonline.com.ar\/index.php\/wp-json\/wp\/v2\/media?parent=2027"}],"wp:term":[{"taxonomy":"category","embeddable":true,"href":"https:\/\/elfaroonline.com.ar\/index.php\/wp-json\/wp\/v2\/categories?post=2027"},{"taxonomy":"post_tag","embeddable":true,"href":"https:\/\/elfaroonline.com.ar\/index.php\/wp-json\/wp\/v2\/tags?post=2027"}],"curies":[{"name":"wp","href":"https:\/\/api.w.org\/{rel}","templated":true}]}}