{"id":2030,"date":"2024-09-02T18:00:51","date_gmt":"2024-09-02T21:00:51","guid":{"rendered":"https:\/\/elfaroonline.com.ar\/?p=2030"},"modified":"2024-09-02T18:00:51","modified_gmt":"2024-09-02T21:00:51","slug":"el-gobierno-oficializo-la-baja-del-impuesto-pais-y-se-espera-un-impacto-en-precios-importaciones-y-recaudacion","status":"publish","type":"post","link":"https:\/\/elfaroonline.com.ar\/index.php\/2024\/09\/02\/el-gobierno-oficializo-la-baja-del-impuesto-pais-y-se-espera-un-impacto-en-precios-importaciones-y-recaudacion\/","title":{"rendered":"El Gobierno oficializ\u00f3 la baja del impuesto PAIS y se espera un impacto en precios, importaciones y recaudaci\u00f3n"},"content":{"rendered":"<p>El Gobierno public\u00f3 en las primeras horas de este lunes el decreto que oficializa la baja de la al\u00edcuota de impuesto PAIS desde <b>17,5% a 7,5% <\/b>sobre el uso de d\u00f3lares para el pago de importaciones y de fletes desde el exterior, por lo que ese tributo retornar\u00e1 al nivel que ten\u00eda antes del cambio de mando en diciembre pasado. El equipo econ\u00f3mico espera que la medida tenga un <b>impacto en precios y en recaudaci\u00f3n<\/b>. El mercado sopesa, en tanto, las chances de una <b>mayor demanda de divisas<\/b> para importaciones.<\/p>\n<p>El Poder Ejecutivo public\u00f3 esta medianoche en el Bolet\u00edn Oficial <b>el decreto 777\/202<\/b> que marca el recorte en la al\u00edcuota del impuesto PAIS, con lo cual se cristaliza la promesa que hab\u00eda hecho durante el tratamiento de la <b>Ley de Bases<\/b>, cuando anticip\u00f3 que activar\u00eda esa rebaja si el Congreso aprobara esa norma. Dos meses despu\u00e9s, esa medida se har\u00e1 efectiva e impactar\u00e1 en variables decisivas para la econom\u00eda.<\/p>\n<p>\u201cRed\u00facense al SIETE COMA CINCO POR CIENTO (7,5 %) las al\u00edcuotas fijadas en los incisos d) y e), ambos del primer p\u00e1rrafo del art\u00edculo 13 bis del T\u00edtulo III del Decreto N\u00ba 99 del 27 de diciembre de 2019 y sus modificaciones\u201d, se\u00f1al\u00f3 la medida que se hizo oficial este lunes.<\/p>\n<p>Entre las consideraciones, desde el Poder Ejecutivo se\u00f1alaron que \u201cen el marco de las medidas adoptadas con el objetivo de <b>contribuir a la estabilizaci\u00f3n de los precios, resulta necesario reducir la al\u00edcuota del Impuesto PA\u00cdS para las operaciones de compra de billetes y divisas en moneda extranjera efectuadas por residentes en el pa\u00eds<\/b> para el pago de obligaciones por la importaci\u00f3n de determinados bienes y por la adquisici\u00f3n de servicios de fletes y otros servicios de transporte por operaciones de comercio exterior\u201d.<\/p>\n<p>Por un lado, el equipo econ\u00f3mico espera que esta reducci\u00f3n impositiva act\u00fae como ariete para<b>perforar la inercia inflacionaria<\/b> de los \u00faltimos tres meses, en que la suba de precios n\u00facleo se mantuvo estable. La apuesta es a que septiembre exhiba un ritmo de precios m\u00e1s bajo que julio (4%) y que agosto, mes del que el ministro <b>Luis Caputo<\/b>anticip\u00f3 que se espera una cifra similar.<\/p>\n","protected":false},"excerpt":{"rendered":"<p>El Gobierno public\u00f3 en las primeras horas de este lunes el decreto que oficializa la baja de la al\u00edcuota de impuesto PAIS desde 17,5% a 7,5% sobre el uso de d\u00f3lares para el pago de importaciones y de fletes desde el exterior, por lo que ese tributo retornar\u00e1 al nivel que ten\u00eda antes del cambio [&hellip;]<\/p>\n","protected":false},"author":2,"featured_media":2031,"comment_status":"open","ping_status":"open","sticky":false,"template":"","format":"standard","meta":{"footnotes":""},"categories":[23,22],"tags":[],"class_list":{"0":"post-2030","1":"post","2":"type-post","3":"status-publish","4":"format-standard","5":"has-post-thumbnail","7":"category-destacados","8":"category-nacionales"},"aioseo_notices":[],"_links":{"self":[{"href":"https:\/\/elfaroonline.com.ar\/index.php\/wp-json\/wp\/v2\/posts\/2030","targetHints":{"allow":["GET"]}}],"collection":[{"href":"https:\/\/elfaroonline.com.ar\/index.php\/wp-json\/wp\/v2\/posts"}],"about":[{"href":"https:\/\/elfaroonline.com.ar\/index.php\/wp-json\/wp\/v2\/types\/post"}],"author":[{"embeddable":true,"href":"https:\/\/elfaroonline.com.ar\/index.php\/wp-json\/wp\/v2\/users\/2"}],"replies":[{"embeddable":true,"href":"https:\/\/elfaroonline.com.ar\/index.php\/wp-json\/wp\/v2\/comments?post=2030"}],"version-history":[{"count":1,"href":"https:\/\/elfaroonline.com.ar\/index.php\/wp-json\/wp\/v2\/posts\/2030\/revisions"}],"predecessor-version":[{"id":2032,"href":"https:\/\/elfaroonline.com.ar\/index.php\/wp-json\/wp\/v2\/posts\/2030\/revisions\/2032"}],"wp:featuredmedia":[{"embeddable":true,"href":"https:\/\/elfaroonline.com.ar\/index.php\/wp-json\/wp\/v2\/media\/2031"}],"wp:attachment":[{"href":"https:\/\/elfaroonline.com.ar\/index.php\/wp-json\/wp\/v2\/media?parent=2030"}],"wp:term":[{"taxonomy":"category","embeddable":true,"href":"https:\/\/elfaroonline.com.ar\/index.php\/wp-json\/wp\/v2\/categories?post=2030"},{"taxonomy":"post_tag","embeddable":true,"href":"https:\/\/elfaroonline.com.ar\/index.php\/wp-json\/wp\/v2\/tags?post=2030"}],"curies":[{"name":"wp","href":"https:\/\/api.w.org\/{rel}","templated":true}]}}