{"id":2033,"date":"2024-09-02T18:07:00","date_gmt":"2024-09-02T21:07:00","guid":{"rendered":"https:\/\/elfaroonline.com.ar\/?p=2033"},"modified":"2024-09-02T18:07:00","modified_gmt":"2024-09-02T21:07:00","slug":"jubilaciones-el-gobierno-publico-el-veto-total-a-la-ley-de-movilidad-y-mantuvo-el-bono-de-70-mil","status":"publish","type":"post","link":"https:\/\/elfaroonline.com.ar\/index.php\/2024\/09\/02\/jubilaciones-el-gobierno-publico-el-veto-total-a-la-ley-de-movilidad-y-mantuvo-el-bono-de-70-mil\/","title":{"rendered":"Jubilaciones: el Gobierno public\u00f3 el veto total a la ley de movilidad y mantuvo el bono de $70 mil"},"content":{"rendered":"<p>El presidente Javier Milei hab\u00eda firmado el pasado viernes la medida que rechaza la reforma que aprob\u00f3 el Congreso y hoy promulg\u00f3 la decisi\u00f3n a trav\u00e9s del Bolet\u00edn Oficial. A la par confirm\u00f3 que volver\u00e1 a otorgar un plus para actualizar los ingresos de los jubilados.<\/p>\n<p class=\"paragraph\">El mandatario sell\u00f3 con su r\u00fabrica su rechazo a la legislaci\u00f3n luego de la reuni\u00f3n que mantuvo con los diputados y senadores de<b> La Libertad Avanza (LLA)<\/b> y con los miembros aliados de la C\u00e1mara baja.<\/p>\n<div class=\"inline ad-wrapper amp ad-amp\"><\/div>\n<p class=\"paragraph\">El <b>decreto 782\/2024 <\/b>alega que la iniciativa aprobada por el Congreso es \u201c<b>manifiestamente violatoria<\/b> del marco jur\u00eddico vigente en tanto no contempla el impacto fiscal de la medida ni tampoco determina la fuente de su financiamiento\u201d. Este fue el principal argumento que sostiene el Ejecutivo desde la sanci\u00f3n de la ley. Tambi\u00e9n plantearon que el proyecto \u201cpadece graves deficiencias t\u00e9cnicas y operativas que<b>ponen de relieve su manifiesta irrazonabilidad<\/b> y las serias dificultades que presentar\u00eda su implementaci\u00f3n\u201d.<\/p>\n<p class=\"paragraph\">A su vez, <b>convocaron al Poder Legislativo a \u201cactuar con sensatez institucional, de forma responsable<\/b>, cuidando de no emitir disposiciones cuya aplicaci\u00f3n sea inconveniente para las cuentas p\u00fablicas, o que contradigan la proyecci\u00f3n de ingresos y desnutrici\u00f3n de gastos prevista en el Presupuesto Nacional\u201d. \u201cLa administraci\u00f3n de los recursos p\u00fablicos debe ser realizada en forma responsable y conforme a los fines p\u00fablicos y principios de buena administraci\u00f3n que debe perseguir toda acci\u00f3n de gobierno, procurando alcanzar el bien com\u00fan que debe guiar toda pol\u00edtica de gobierno\u201d, sostienen.<\/p>\n<p class=\"paragraph\">En ese sentido, enfatizaron en que Presupuesto se dise\u00f1\u00f3 con base en un \u201cprograma general de gobierno \u2014que no es simplemente el programa del Presidente, sino el programa que el pueblo vot\u00f3 al elegir al Presidente\u2014 y al plan de inversiones p\u00fablicas\u201d.<\/p>\n<p class=\"paragraph\">El Gobierno nacional tambi\u00e9n advierte en el considerando del decreto que la iniciativa complicar\u00eda la recuperaci\u00f3n del sistema previsional al proyectar que <b>generar\u00eda futuros incumplimientos y deudas con los beneficiarios al no especificarse la fuente del financiamiento.<\/b><\/p>\n<p class=\"paragraph\">Para ejemplificar sus argumentos, el Ejecutivo mencion\u00f3 que el impacto estimado de la medida asciende a 6.160.000.000.000 para el a\u00f1o 2024, es decir seis billones ciento sesenta mil millones de pesos, y unos 15.430.000.000.000 para el a\u00f1o pr\u00f3ximo. Estos n\u00fameros \u201c<b>equivalen al 1,02% del Producto Bruto Interno (PBI) calculado para el a\u00f1o en curso<\/b>; y de 1,64% de aquel, estimado para el a\u00f1o entrante\u201d.<\/p>\n<p class=\"paragraph\">Con respecto al gasto previsional que implicar\u00eda para la<b> Administraci\u00f3n Nacional de la Seguridad Social (ANSES)<\/b>, calculan que dichos importes representan un incremento del 18,5% para el a\u00f1o 2024 y de 29,2% para el a\u00f1o 2025. Adem\u00e1s, indicaron que si las erogaciones citadas se relacionaran con el gasto primario de la Administraci\u00f3n Nacional, previsto en el presupuesto vigente, <b>la medida \u201cconllevar\u00eda un aumento de aproximadamente el 8% del referido presupuesto en t\u00e9rminos anuales\u201d<\/b>.<\/p>\n<p class=\"paragraph\">Frente a esto, el Gobierno record\u00f3 que \u201ctiene como objetivo primordial la emisi\u00f3n monetaria 0 a efectos de eliminar de ra\u00edz la crisis inflacionaria que socava el poder adquisitivo de los argentinos\u201d. En consecuencia, apuntaron nuevamente contra la iniciativa al decir que su aplicaci\u00f3n \u201cdificultar\u00eda gravemente la sostenibilidad de las finanzas p\u00fablicas de la Rep\u00fablica\u201d, algo que obligar\u00eda a contraer financiamiento extraordinario: a trav\u00e9s de deuda p\u00fablica o, mediante el aumento de impuestos.<\/p>\n<p class=\"paragraph\">Tras el veto, el Congreso puede insistir con la nueva f\u00f3rmula, por lo que la oposici\u00f3n deber\u00e1 someterla nuevamente a votaci\u00f3n y contar con <b>el apoyo de los dos tercios de los miembros presentes en ambas C\u00e1maras<\/b>. Primero ser\u00e1 tratado en Diputados, c\u00e1mara de origen y, luego, en el Senado.<\/p>\n<p class=\"paragraph\">Por esto mismo, desde la aprobaci\u00f3n en el Congreso, el Gobierno se focaliz\u00f3 en fortalecer los lazos con los legisladores aliados del oficialismo: <b>el PRO y el Movimiento de Integraci\u00f3n y Desarrollo (MID)<\/b>. De esta manera, se reuni\u00f3 el viernes con los principales dirigentes para explicar por qu\u00e9 la medida no ser\u00eda promulgada.<\/p>\n<p class=\"paragraph\">En este contexto,<b> el PRO se comprometi\u00f3 a apoyar la decisi\u00f3n del Ejecutivo<\/b>, pese a que sus legisladores hab\u00edan votado a favor de la actualizaci\u00f3n de las jubilaciones.<\/p>\n","protected":false},"excerpt":{"rendered":"<p>El presidente Javier Milei hab\u00eda firmado el pasado viernes la medida que rechaza la reforma que aprob\u00f3 el Congreso y hoy promulg\u00f3 la decisi\u00f3n a trav\u00e9s del Bolet\u00edn Oficial. A la par confirm\u00f3 que volver\u00e1 a otorgar un plus para actualizar los ingresos de los jubilados. El mandatario sell\u00f3 con su r\u00fabrica su rechazo a [&hellip;]<\/p>\n","protected":false},"author":2,"featured_media":2034,"comment_status":"open","ping_status":"open","sticky":false,"template":"","format":"standard","meta":{"footnotes":""},"categories":[23,21],"tags":[],"class_list":{"0":"post-2033","1":"post","2":"type-post","3":"status-publish","4":"format-standard","5":"has-post-thumbnail","7":"category-destacados","8":"category-politica"},"aioseo_notices":[],"_links":{"self":[{"href":"https:\/\/elfaroonline.com.ar\/index.php\/wp-json\/wp\/v2\/posts\/2033","targetHints":{"allow":["GET"]}}],"collection":[{"href":"https:\/\/elfaroonline.com.ar\/index.php\/wp-json\/wp\/v2\/posts"}],"about":[{"href":"https:\/\/elfaroonline.com.ar\/index.php\/wp-json\/wp\/v2\/types\/post"}],"author":[{"embeddable":true,"href":"https:\/\/elfaroonline.com.ar\/index.php\/wp-json\/wp\/v2\/users\/2"}],"replies":[{"embeddable":true,"href":"https:\/\/elfaroonline.com.ar\/index.php\/wp-json\/wp\/v2\/comments?post=2033"}],"version-history":[{"count":1,"href":"https:\/\/elfaroonline.com.ar\/index.php\/wp-json\/wp\/v2\/posts\/2033\/revisions"}],"predecessor-version":[{"id":2035,"href":"https:\/\/elfaroonline.com.ar\/index.php\/wp-json\/wp\/v2\/posts\/2033\/revisions\/2035"}],"wp:featuredmedia":[{"embeddable":true,"href":"https:\/\/elfaroonline.com.ar\/index.php\/wp-json\/wp\/v2\/media\/2034"}],"wp:attachment":[{"href":"https:\/\/elfaroonline.com.ar\/index.php\/wp-json\/wp\/v2\/media?parent=2033"}],"wp:term":[{"taxonomy":"category","embeddable":true,"href":"https:\/\/elfaroonline.com.ar\/index.php\/wp-json\/wp\/v2\/categories?post=2033"},{"taxonomy":"post_tag","embeddable":true,"href":"https:\/\/elfaroonline.com.ar\/index.php\/wp-json\/wp\/v2\/tags?post=2033"}],"curies":[{"name":"wp","href":"https:\/\/api.w.org\/{rel}","templated":true}]}}