{"id":2036,"date":"2024-09-02T18:09:45","date_gmt":"2024-09-02T21:09:45","guid":{"rendered":"https:\/\/elfaroonline.com.ar\/?p=2036"},"modified":"2024-09-02T18:09:45","modified_gmt":"2024-09-02T21:09:45","slug":"la-capital-cerro-un-nuevo-acuerdo-con-los-docentes-municipales","status":"publish","type":"post","link":"https:\/\/elfaroonline.com.ar\/index.php\/2024\/09\/02\/la-capital-cerro-un-nuevo-acuerdo-con-los-docentes-municipales\/","title":{"rendered":"La Capital cerr\u00f3 un nuevo acuerdo con los docentes municipales"},"content":{"rendered":"<p>La Municipalidad de la Capital firm\u00f3 un nuevo acuerdo con los docentes del Sistema Educativo Municipal, representados por el Sindicato Docente de Catamarca (SIDCA).<br \/>\nEl documento, rubricado por autoridades de la comuna y del gremio, establece una suba salarial del 24 por ciento a partir de agosto, que se efectivizar\u00e1 en tres partes.<br \/>\nLas etapas contemplan una mejora del 9 por ciento desde el primer d\u00eda de agosto, una nueva mejora del 9 por ciento desde octubre, y una tercera suba del 6 por ciento desde diciembre.<br \/>\nLos n\u00fameros volver\u00e1n a revisarse en febrero del a\u00f1o pr\u00f3ximo, donde se evaluar\u00e1 otro aumento seg\u00fan la marcha de la inflaci\u00f3n.<br \/>\nFirmaron el acuerdo el intendente Gustavo Saadi, la secretar\u00eda de Educaci\u00f3n, Marqueza Blanco Arzumendi y el secretario del SIDCA, Sergio Guillamondegui.<br \/>\nEste entendimiento permite extender la armon\u00eda con los docentes capitalinos, que jam\u00e1s realizaron una medida de fuerza desde la asunci\u00f3n de Saadi, en diciembre de 2019.<\/p>\n","protected":false},"excerpt":{"rendered":"<p>La Municipalidad de la Capital firm\u00f3 un nuevo acuerdo con los docentes del Sistema Educativo Municipal, representados por el Sindicato Docente de Catamarca (SIDCA). El documento, rubricado por autoridades de la comuna y del gremio, establece una suba salarial del 24 por ciento a partir de agosto, que se efectivizar\u00e1 en tres partes. Las etapas [&hellip;]<\/p>\n","protected":false},"author":2,"featured_media":2037,"comment_status":"open","ping_status":"open","sticky":false,"template":"","format":"standard","meta":{"footnotes":""},"categories":[20],"tags":[],"class_list":{"0":"post-2036","1":"post","2":"type-post","3":"status-publish","4":"format-standard","5":"has-post-thumbnail","7":"category-sociedad"},"aioseo_notices":[],"_links":{"self":[{"href":"https:\/\/elfaroonline.com.ar\/index.php\/wp-json\/wp\/v2\/posts\/2036","targetHints":{"allow":["GET"]}}],"collection":[{"href":"https:\/\/elfaroonline.com.ar\/index.php\/wp-json\/wp\/v2\/posts"}],"about":[{"href":"https:\/\/elfaroonline.com.ar\/index.php\/wp-json\/wp\/v2\/types\/post"}],"author":[{"embeddable":true,"href":"https:\/\/elfaroonline.com.ar\/index.php\/wp-json\/wp\/v2\/users\/2"}],"replies":[{"embeddable":true,"href":"https:\/\/elfaroonline.com.ar\/index.php\/wp-json\/wp\/v2\/comments?post=2036"}],"version-history":[{"count":1,"href":"https:\/\/elfaroonline.com.ar\/index.php\/wp-json\/wp\/v2\/posts\/2036\/revisions"}],"predecessor-version":[{"id":2038,"href":"https:\/\/elfaroonline.com.ar\/index.php\/wp-json\/wp\/v2\/posts\/2036\/revisions\/2038"}],"wp:featuredmedia":[{"embeddable":true,"href":"https:\/\/elfaroonline.com.ar\/index.php\/wp-json\/wp\/v2\/media\/2037"}],"wp:attachment":[{"href":"https:\/\/elfaroonline.com.ar\/index.php\/wp-json\/wp\/v2\/media?parent=2036"}],"wp:term":[{"taxonomy":"category","embeddable":true,"href":"https:\/\/elfaroonline.com.ar\/index.php\/wp-json\/wp\/v2\/categories?post=2036"},{"taxonomy":"post_tag","embeddable":true,"href":"https:\/\/elfaroonline.com.ar\/index.php\/wp-json\/wp\/v2\/tags?post=2036"}],"curies":[{"name":"wp","href":"https:\/\/api.w.org\/{rel}","templated":true}]}}