{"id":2039,"date":"2024-09-02T18:14:32","date_gmt":"2024-09-02T21:14:32","guid":{"rendered":"https:\/\/elfaroonline.com.ar\/?p=2039"},"modified":"2024-09-02T18:14:32","modified_gmt":"2024-09-02T21:14:32","slug":"la-camara-federal-rechazo-un-pedido-de-alberto-fernandez-y-la-denuncia-de-fabiola-yanez-continuara-tramitandose-en-comodoro-py","status":"publish","type":"post","link":"https:\/\/elfaroonline.com.ar\/index.php\/2024\/09\/02\/la-camara-federal-rechazo-un-pedido-de-alberto-fernandez-y-la-denuncia-de-fabiola-yanez-continuara-tramitandose-en-comodoro-py\/","title":{"rendered":"La C\u00e1mara Federal rechaz\u00f3 un pedido de Alberto Fern\u00e1ndez y la denuncia de Fabiola Ya\u00f1ez continuar\u00e1 tramit\u00e1ndose en Comodoro Py"},"content":{"rendered":"<p>La <b>causa de Fabiola Ya\u00f1ez contra Alberto Fern\u00e1ndez <\/b>seguir\u00e1 tramit\u00e1ndose <b>por ahora <\/b>en los tribunales de Comodoro Py. Seg\u00fan revelaron fuentes judiciales, el juez de la C\u00e1mara Federal <b>Eduardo Farah <\/b>rechaz\u00f3 este lunes el planteo de la defensa del ex presidente para que el caso se mudara a los tribunales federales de San Isidro por entender que las acusaciones de la ex primera dama se refer\u00edan a hechos que hab\u00edan ocurrido en la residencia de Olivos durante su mandato. No obstante, el fallo dej\u00f3 abierta la puerta a esclarecer, a la espera de m\u00e1s medidas, si efectivamente este debe ser un caso para el fuero federal.<\/p>\n<p>\u201cLa discusi\u00f3n entre las partes (fiscal\u00eda de primera instancia, querella y defensa) gira en torno a aspectos de la cuesti\u00f3n de competencia que no agotan todas las circunstancias que se deben considerar para su correcta definici\u00f3n. Creo que el Juez de primera instancia <b>decidi\u00f3 bien al rechazar <\/b>por prematura esa definici\u00f3n, difiriendo el an\u00e1lisis al resultado de las medidas investigativas en curso\u201d, afirm\u00f3 en su resoluci\u00f3n.<\/p>\n<p>El juez Farah justific\u00f3 su decisi\u00f3n en dos motivos. \u201cEl primero tiene que ver con precisiones sobre las circunstancias de modo, tiempo y lugar de cada uno de los hechos (instigaci\u00f3n a un aborto, lesiones reiteradas y amenazas coactivas en perjuicio de Fabiola Ya\u00f1ez y alguna acci\u00f3n u omisi\u00f3n de funcionarios p\u00fablicos) que es necesario averiguar. Ellas permitir\u00e1n establecer la dependencia o independencia (tanto f\u00e1ctica como jur\u00eddica) de unos hechos con otros y, a partir de all\u00ed, si corresponde proseguir con una investigaci\u00f3n unificada o no, y seg\u00fan el caso, en qu\u00e9 jurisdicci\u00f3n territorial\u201d, se\u00f1al\u00f3.<\/p>\n<p class=\"paragraph\" data-mrf-recirculation=\"Links inline\">El segundo de los motivos, a\u00f1adi\u00f3, apunt\u00f3 a esclarecer si, efectivamente, este es una causa para tramitarse en la justicia federal, \u201cuna cuesti\u00f3n sobre la cual las partes hasta ahora nada han dicho, pero cuyo tratamiento no puede ser omitido por el Juez una vez que se completen esas medidas\u201d. Subray\u00f3 asi<b> <\/b>a esclarecer <b>\u201clas razones que sustentar\u00edan en el caso la competencia federal por raz\u00f3n de la materia,<\/b> pues \u00e9sta es restrictiva y de excepci\u00f3n, para los supuestos que expresamente prev\u00e9n los arts. 116 de la Constituci\u00f3n Nacional y 33 del C\u00f3digo Procesal Penal de la Naci\u00f3n\u201d.<\/p>\n<p class=\"paragraph\" data-mrf-recirculation=\"Links inline\">\u201c<b>Debe poder explicarse -en tal caso- la naturaleza federal de los hechos de la causa<\/b>. En estos supuestos rige la regla que impone sostener la intervenci\u00f3n del magistrado que previene a efectos de que, mediante las diligencias que correspondan, esclarezca los aspectos f\u00e1cticos y normativos que sean necesarios para determinar correctamente la competencia, tanto en su aspecto material como territorial o por conexi\u00f3n entre todos los sucesos denunciados\u201d, afirm\u00f3.<\/p>\n","protected":false},"excerpt":{"rendered":"<p>La causa de Fabiola Ya\u00f1ez contra Alberto Fern\u00e1ndez seguir\u00e1 tramit\u00e1ndose por ahora en los tribunales de Comodoro Py. Seg\u00fan revelaron fuentes judiciales, el juez de la C\u00e1mara Federal Eduardo Farah rechaz\u00f3 este lunes el planteo de la defensa del ex presidente para que el caso se mudara a los tribunales federales de San Isidro por [&hellip;]<\/p>\n","protected":false},"author":2,"featured_media":2040,"comment_status":"open","ping_status":"open","sticky":false,"template":"","format":"standard","meta":{"footnotes":""},"categories":[22,27],"tags":[],"class_list":{"0":"post-2039","1":"post","2":"type-post","3":"status-publish","4":"format-standard","5":"has-post-thumbnail","7":"category-nacionales","8":"category-policiales"},"aioseo_notices":[],"_links":{"self":[{"href":"https:\/\/elfaroonline.com.ar\/index.php\/wp-json\/wp\/v2\/posts\/2039","targetHints":{"allow":["GET"]}}],"collection":[{"href":"https:\/\/elfaroonline.com.ar\/index.php\/wp-json\/wp\/v2\/posts"}],"about":[{"href":"https:\/\/elfaroonline.com.ar\/index.php\/wp-json\/wp\/v2\/types\/post"}],"author":[{"embeddable":true,"href":"https:\/\/elfaroonline.com.ar\/index.php\/wp-json\/wp\/v2\/users\/2"}],"replies":[{"embeddable":true,"href":"https:\/\/elfaroonline.com.ar\/index.php\/wp-json\/wp\/v2\/comments?post=2039"}],"version-history":[{"count":1,"href":"https:\/\/elfaroonline.com.ar\/index.php\/wp-json\/wp\/v2\/posts\/2039\/revisions"}],"predecessor-version":[{"id":2041,"href":"https:\/\/elfaroonline.com.ar\/index.php\/wp-json\/wp\/v2\/posts\/2039\/revisions\/2041"}],"wp:featuredmedia":[{"embeddable":true,"href":"https:\/\/elfaroonline.com.ar\/index.php\/wp-json\/wp\/v2\/media\/2040"}],"wp:attachment":[{"href":"https:\/\/elfaroonline.com.ar\/index.php\/wp-json\/wp\/v2\/media?parent=2039"}],"wp:term":[{"taxonomy":"category","embeddable":true,"href":"https:\/\/elfaroonline.com.ar\/index.php\/wp-json\/wp\/v2\/categories?post=2039"},{"taxonomy":"post_tag","embeddable":true,"href":"https:\/\/elfaroonline.com.ar\/index.php\/wp-json\/wp\/v2\/tags?post=2039"}],"curies":[{"name":"wp","href":"https:\/\/api.w.org\/{rel}","templated":true}]}}