{"id":2045,"date":"2024-09-02T18:21:59","date_gmt":"2024-09-02T21:21:59","guid":{"rendered":"https:\/\/elfaroonline.com.ar\/?p=2045"},"modified":"2024-09-02T18:21:59","modified_gmt":"2024-09-02T21:21:59","slug":"condena-por-homicidio-culposo-y-lesiones-graves","status":"publish","type":"post","link":"https:\/\/elfaroonline.com.ar\/index.php\/2024\/09\/02\/condena-por-homicidio-culposo-y-lesiones-graves\/","title":{"rendered":"Condena por homicidio culposo y lesiones graves"},"content":{"rendered":"<p>&nbsp;<\/p>\n<p>El Juez Correccional N\u00ba 3 conden\u00f3 a un hombre por haber provocado la muerte de un joven y lesiones en una ni\u00f1a el 27 de febrero de 2.017 en la localidad de Saujil.<\/p>\n<p>Armando Anibal Salguero recibi\u00f3 una pena de 3 a\u00f1os de prisi\u00f3n en suspenso y 7 de inhabilitaci\u00f3n para conducir cualquier tipo de veh\u00edculos con motor tras ser declarado culpable de los delitos de homicidio culposo y lesiones culposas en concurso ideal. Adem\u00e1s deber\u00e1 realizar trabajos no remunerados en el Hospital San Juan Bautista durante tres horas semanales y recibir curso de seguridad vial.<\/p>\n<p>Adem\u00e1s el Juez, Dr. Javier Herrera hizo lugar parcialmente a la demanda civil entablada por la familia de las v\u00edctimas y conden\u00f3 a pagar en forma concurrente la suma de 28.331.983 pesos a Armando Salguero, el tercero civilmente demandado Juan Simon Salazar y la empresa aseguradora citada en garant\u00eda.<\/p>\n<p>Tras varias jornadas de debate, el lunes 26 de agosto las partes hab\u00edan expuesto sus conclusiones finales y alegatos. El fiscal Correccional, Dr. Victor Figueroa hab\u00eda solicitado una pena de 3 a\u00f1os de prisi\u00f3n en suspenso. En tanto, el representante de la querella particular, Dr. Leonardo Berber, pidi\u00f3 3 a\u00f1os y 4 meses de cumplimiento efectivo y un resarcimiento econ\u00f3mico de 127 millones de pesos. Por \u00faltimo, el defensor de Salguero, Dr. Mario Aguirre, pidi\u00f3 la absoluci\u00f3n de su asistido.<\/p>\n","protected":false},"excerpt":{"rendered":"<p>&nbsp; El Juez Correccional N\u00ba 3 conden\u00f3 a un hombre por haber provocado la muerte de un joven y lesiones en una ni\u00f1a el 27 de febrero de 2.017 en la localidad de Saujil. Armando Anibal Salguero recibi\u00f3 una pena de 3 a\u00f1os de prisi\u00f3n en suspenso y 7 de inhabilitaci\u00f3n para conducir cualquier tipo [&hellip;]<\/p>\n","protected":false},"author":2,"featured_media":2046,"comment_status":"open","ping_status":"open","sticky":false,"template":"","format":"standard","meta":{"footnotes":""},"categories":[27],"tags":[],"class_list":{"0":"post-2045","1":"post","2":"type-post","3":"status-publish","4":"format-standard","5":"has-post-thumbnail","7":"category-policiales"},"aioseo_notices":[],"_links":{"self":[{"href":"https:\/\/elfaroonline.com.ar\/index.php\/wp-json\/wp\/v2\/posts\/2045","targetHints":{"allow":["GET"]}}],"collection":[{"href":"https:\/\/elfaroonline.com.ar\/index.php\/wp-json\/wp\/v2\/posts"}],"about":[{"href":"https:\/\/elfaroonline.com.ar\/index.php\/wp-json\/wp\/v2\/types\/post"}],"author":[{"embeddable":true,"href":"https:\/\/elfaroonline.com.ar\/index.php\/wp-json\/wp\/v2\/users\/2"}],"replies":[{"embeddable":true,"href":"https:\/\/elfaroonline.com.ar\/index.php\/wp-json\/wp\/v2\/comments?post=2045"}],"version-history":[{"count":1,"href":"https:\/\/elfaroonline.com.ar\/index.php\/wp-json\/wp\/v2\/posts\/2045\/revisions"}],"predecessor-version":[{"id":2047,"href":"https:\/\/elfaroonline.com.ar\/index.php\/wp-json\/wp\/v2\/posts\/2045\/revisions\/2047"}],"wp:featuredmedia":[{"embeddable":true,"href":"https:\/\/elfaroonline.com.ar\/index.php\/wp-json\/wp\/v2\/media\/2046"}],"wp:attachment":[{"href":"https:\/\/elfaroonline.com.ar\/index.php\/wp-json\/wp\/v2\/media?parent=2045"}],"wp:term":[{"taxonomy":"category","embeddable":true,"href":"https:\/\/elfaroonline.com.ar\/index.php\/wp-json\/wp\/v2\/categories?post=2045"},{"taxonomy":"post_tag","embeddable":true,"href":"https:\/\/elfaroonline.com.ar\/index.php\/wp-json\/wp\/v2\/tags?post=2045"}],"curies":[{"name":"wp","href":"https:\/\/api.w.org\/{rel}","templated":true}]}}