{"id":2086,"date":"2024-09-05T17:52:45","date_gmt":"2024-09-05T20:52:45","guid":{"rendered":"https:\/\/elfaroonline.com.ar\/?p=2086"},"modified":"2024-09-05T17:52:45","modified_gmt":"2024-09-05T20:52:45","slug":"el-ex-medico-presidencial-confirmo-que-vio-el-moreton-en-el-ojo-de-fabiola-yanez-y-que-le-indico-un-tratamiento","status":"publish","type":"post","link":"https:\/\/elfaroonline.com.ar\/index.php\/2024\/09\/05\/el-ex-medico-presidencial-confirmo-que-vio-el-moreton-en-el-ojo-de-fabiola-yanez-y-que-le-indico-un-tratamiento\/","title":{"rendered":"El ex m\u00e9dico presidencial confirm\u00f3 que vio el moret\u00f3n en el ojo de Fabiola Ya\u00f1ez y que le indic\u00f3 un tratamiento"},"content":{"rendered":"<p><b>Federico Saavedra<\/b>, titular de la Unidad M\u00e9dica Presidencial durante la gesti\u00f3n de Alberto Fern\u00e1ndez, <b>reconoci\u00f3 que vio el golpe que ten\u00eda la ex primera dama Fabiola Ya\u00f1ez en uno de sus ojos<\/b>. La revelaci\u00f3n form\u00f3 parte de la declaraci\u00f3n como testigo que brind\u00f3 en los tribunales de Comodoro Py frente al fiscal federal Ramiro Gonz\u00e1lez en el marco de la denuncia que present\u00f3 Ya\u00f1ez contra su ex pareja.<br \/>\nTambi\u00e9n mostr\u00f3 copia del chat con Fabiola donde le recet\u00f3 una crema que se utiliza para tratar los hematomas. Al tiempo que detall\u00f3 verla despu\u00e9s de unos d\u00edas en persona y all\u00ed evidenci\u00f3 que el color del moret\u00f3n ya hab\u00eda transitado a verde y amarillo, bajando su intensidad. Efecto que se logr\u00f3 con el medicamento y el paso del tiempo.<\/p>\n<p>Seg\u00fan relat\u00f3, cuando Saavedra indag\u00f3 el origen del golpe, tanto el ex mandatario como la ex primera dama le dijeron que <b>hab\u00eda <\/b><b>sido \u201cinvoluntario\u201d.<\/b><\/p>\n<p class=\"paragraph\" data-mrf-recirculation=\"Links inline\">Adem\u00e1s, el m\u00e9dico cont\u00f3 que el d\u00eda que fue a revisar a Ya\u00f1ez del ojo <b>estaba acordado que ella se juntar\u00eda con Fern\u00e1ndez para firmar el consentimiento para la inseminaci\u00f3n. <\/b>Ante esta informaci\u00f3n, la querella argument\u00f3 que ser madre era el sue\u00f1o de la ex primera dama, por lo que era l\u00f3gico que no denunciara ser v\u00edctima de violencia de g\u00e9nero. <b>Y agregaron que a Ya\u00f1ez la hac\u00edan callar especulando con sus ganas de ser madre.<\/b><\/p>\n<p class=\"paragraph\" data-mrf-recirculation=\"Links inline\">Durante la testimonial, nunca habl\u00f3 de una patolog\u00eda de base de Fabiola Ya\u00f1ez vinculada al alcohol o consumo de alguna medicaci\u00f3n.<\/p>\n<p class=\"paragraph\" data-mrf-recirculation=\"Links inline\">La declaraci\u00f3n de Saavedra es muy importante para el expediente. <b>Fabiola Ya\u00f1ez hab\u00eda dicho que el doctor conoc\u00eda los golpes que le habr\u00eda propinado el ex jefe de Estado y que, para tratarlos, le habr\u00eda dado globulitos de \u00e1rnica.<\/b><\/p>\n<p class=\"paragraph\" data-mrf-recirculation=\"Links inline\">\u201cHab\u00edamos discutido antes, mucho, como ya era habitual, y como cierre de la discusi\u00f3n me peg\u00f3 desde su lado de la cama un terrible golpe de pu\u00f1o. Grit\u00e9 y le dije: \u2018\u00bfQu\u00e9 me hiciste?\u2019. Pero nada, se dio vuelta y con ese golpe termin\u00f3 la discusi\u00f3n. Ese d\u00eda yo ten\u00eda que viajar a Misiones, era un compromiso oficial como primera dama, as\u00ed que viaj\u00e9 igual. Al principio solo se ve\u00eda colorado, pero me qued\u00e9 3 o 4 d\u00edas y el ojo comenz\u00f3 a cambiar a un color cada vez m\u00e1s fuerte. Volv\u00ed y me qued\u00e9 en Olivos. Estando all\u00ed, junto con Alberto, llamamos al Dr. Saavedra, jefe de la Unidad M\u00e9dica Presidencial. Me dio globulitos de \u00e1rnica y me dijo que se ir\u00eda con el tiempo. Estuve as\u00ed pase\u00e1ndome por d\u00edas dentro de la casa, en Olivos, obligada a no salir para que no se viera el golpe\u201d, relat\u00f3 Ya\u00f1ez en su primera presentaci\u00f3n en la causa.<\/p>\n<p class=\"paragraph\" data-mrf-recirculation=\"Links inline\">Adem\u00e1s del fiscal Gonz\u00e1lez, participan de la audiencia la abogada de Alberto Fern\u00e1ndez, Silvina Carreira, y la querellante, Mariana Gallego.<\/p>\n<p class=\"paragraph\" data-mrf-recirculation=\"Links inline\">Los libros de la Unidad M\u00e9dica Presidencial de Olivos, a cargo de Saavedra entre 2019 y 2023, revelaron datos trascendentes mencionados por Ya\u00f1ez en su denuncia. Esos registros confirman que el 1 de julio de 2021 ingres\u00f3 a la residencia presidencial un frasco de \u00e1rnica, un medicamento utilizado para disminuir la inflamaci\u00f3n.<\/p>\n<p class=\"paragraph\" data-mrf-recirculation=\"Links inline\">En la causa ya declararon la periodista Alicia Barrios y la ex secretaria de Alberto Fern\u00e1ndez, Mar\u00eda Cantero, cuyo tel\u00e9fono fue el disparador de la investigaci\u00f3n. Secuestrado en el marco de otra causa, el celular de Cantero revel\u00f3 di\u00e1logos con Fabiola Ya\u00f1ez y fotos con moretones (en la cara y los brazos) que le habr\u00eda enviado en 2021.<\/p>\n<p class=\"paragraph\" data-mrf-recirculation=\"Links inline\">Tambi\u00e9n declar\u00f3 Daniel Rodr\u00edguez, ex intendente de la residencia presidencial, quien confirm\u00f3 las peleas y discusiones entre Fern\u00e1ndez y Ya\u00f1ez. Adem\u00e1s, se\u00f1al\u00f3 que una de las amas de llaves de la residencia la vio golpeada, supuestamente por haberse ca\u00eddo en la ba\u00f1era. No obstante, Rodr\u00edguez afirm\u00f3 que no hab\u00eda presenciado ni intervenido en situaciones de violencia entre la pareja.<\/p>\n","protected":false},"excerpt":{"rendered":"<p>Federico Saavedra, titular de la Unidad M\u00e9dica Presidencial durante la gesti\u00f3n de Alberto Fern\u00e1ndez, reconoci\u00f3 que vio el golpe que ten\u00eda la ex primera dama Fabiola Ya\u00f1ez en uno de sus ojos. La revelaci\u00f3n form\u00f3 parte de la declaraci\u00f3n como testigo que brind\u00f3 en los tribunales de Comodoro Py frente al fiscal federal Ramiro Gonz\u00e1lez [&hellip;]<\/p>\n","protected":false},"author":2,"featured_media":2087,"comment_status":"open","ping_status":"open","sticky":false,"template":"","format":"standard","meta":{"footnotes":""},"categories":[22,27],"tags":[],"class_list":{"0":"post-2086","1":"post","2":"type-post","3":"status-publish","4":"format-standard","5":"has-post-thumbnail","7":"category-nacionales","8":"category-policiales"},"aioseo_notices":[],"_links":{"self":[{"href":"https:\/\/elfaroonline.com.ar\/index.php\/wp-json\/wp\/v2\/posts\/2086","targetHints":{"allow":["GET"]}}],"collection":[{"href":"https:\/\/elfaroonline.com.ar\/index.php\/wp-json\/wp\/v2\/posts"}],"about":[{"href":"https:\/\/elfaroonline.com.ar\/index.php\/wp-json\/wp\/v2\/types\/post"}],"author":[{"embeddable":true,"href":"https:\/\/elfaroonline.com.ar\/index.php\/wp-json\/wp\/v2\/users\/2"}],"replies":[{"embeddable":true,"href":"https:\/\/elfaroonline.com.ar\/index.php\/wp-json\/wp\/v2\/comments?post=2086"}],"version-history":[{"count":1,"href":"https:\/\/elfaroonline.com.ar\/index.php\/wp-json\/wp\/v2\/posts\/2086\/revisions"}],"predecessor-version":[{"id":2088,"href":"https:\/\/elfaroonline.com.ar\/index.php\/wp-json\/wp\/v2\/posts\/2086\/revisions\/2088"}],"wp:featuredmedia":[{"embeddable":true,"href":"https:\/\/elfaroonline.com.ar\/index.php\/wp-json\/wp\/v2\/media\/2087"}],"wp:attachment":[{"href":"https:\/\/elfaroonline.com.ar\/index.php\/wp-json\/wp\/v2\/media?parent=2086"}],"wp:term":[{"taxonomy":"category","embeddable":true,"href":"https:\/\/elfaroonline.com.ar\/index.php\/wp-json\/wp\/v2\/categories?post=2086"},{"taxonomy":"post_tag","embeddable":true,"href":"https:\/\/elfaroonline.com.ar\/index.php\/wp-json\/wp\/v2\/tags?post=2086"}],"curies":[{"name":"wp","href":"https:\/\/api.w.org\/{rel}","templated":true}]}}