{"id":2089,"date":"2024-09-05T17:57:44","date_gmt":"2024-09-05T20:57:44","guid":{"rendered":"https:\/\/elfaroonline.com.ar\/?p=2089"},"modified":"2024-09-05T17:57:44","modified_gmt":"2024-09-05T20:57:44","slug":"donald-trump-le-ofrecera-un-puesto-en-su-gobierno-a-elon-musk-si-gana-las-elecciones","status":"publish","type":"post","link":"https:\/\/elfaroonline.com.ar\/index.php\/2024\/09\/05\/donald-trump-le-ofrecera-un-puesto-en-su-gobierno-a-elon-musk-si-gana-las-elecciones\/","title":{"rendered":"Donald Trump le ofrecer\u00e1 un puesto en su Gobierno a Elon Musk si gana las elecciones"},"content":{"rendered":"<p>El candidato republicano a la Presidencia de Estados Unidos, Donald Trump dijo el jueves que establecer\u00eda una comisi\u00f3n de eficiencia gubernamental encabezada por el multimillonario partidario Elon Musk <b>si gana las elecciones del 5 de noviembre.<\/b><\/p>\n<p>Trump lleva meses discutiendo con sus asesores la idea de crear una comisi\u00f3n de eficiencia gubernamental, dijeron fuentes a la agencia de noticias <i>Reuters<\/i>.<\/p>\n<p>Sin embargo, su discurso del jueves en el Club Econ\u00f3mico de Nueva York fue la primera vez que respald\u00f3 p\u00fablicamente la idea. Tambi\u00e9n fue la primera vez que <b>Trump dijo que Musk ha aceptado encabezar el organismo.<\/b><\/p>\n<p class=\"paragraph\" data-mrf-recirculation=\"Links inline\">\u201cVoy a crear una comisi\u00f3n de eficiencia gubernamental encargada de<b> llevar a cabo una auditor\u00eda financiera y de rendimiento completa de todo el gobierno federal y de hacer recomendaciones para reformas dr\u00e1sticas<\/b>\u201d, dijo Trump.<\/p>\n<p class=\"paragraph\" data-mrf-recirculation=\"Links inline\">Musk dijo en un podcast el pasado 19 de agosto que hab\u00eda mantenido conversaciones con el ex mandatario sobre el asunto y que estar\u00eda interesado en formar parte del organismo, lo que reafirm\u00f3 este jueves.<\/p>\n<p data-mrf-recirculation=\"Links inline\"><b>\u201cEstoy deseando servir a Estados Unidos si surge la oportunidad\u201d<\/b>, escribi\u00f3 Musk en X. <b>\u201cNo hace falta sueldo, ni t\u00edtulo, ni reconocimiento\u201d.<\/b><\/p>\n","protected":false},"excerpt":{"rendered":"<p>El candidato republicano a la Presidencia de Estados Unidos, Donald Trump dijo el jueves que establecer\u00eda una comisi\u00f3n de eficiencia gubernamental encabezada por el multimillonario partidario Elon Musk si gana las elecciones del 5 de noviembre. Trump lleva meses discutiendo con sus asesores la idea de crear una comisi\u00f3n de eficiencia gubernamental, dijeron fuentes a [&hellip;]<\/p>\n","protected":false},"author":2,"featured_media":2090,"comment_status":"open","ping_status":"open","sticky":false,"template":"","format":"standard","meta":{"footnotes":""},"categories":[24],"tags":[],"class_list":{"0":"post-2089","1":"post","2":"type-post","3":"status-publish","4":"format-standard","5":"has-post-thumbnail","7":"category-mundo"},"aioseo_notices":[],"_links":{"self":[{"href":"https:\/\/elfaroonline.com.ar\/index.php\/wp-json\/wp\/v2\/posts\/2089","targetHints":{"allow":["GET"]}}],"collection":[{"href":"https:\/\/elfaroonline.com.ar\/index.php\/wp-json\/wp\/v2\/posts"}],"about":[{"href":"https:\/\/elfaroonline.com.ar\/index.php\/wp-json\/wp\/v2\/types\/post"}],"author":[{"embeddable":true,"href":"https:\/\/elfaroonline.com.ar\/index.php\/wp-json\/wp\/v2\/users\/2"}],"replies":[{"embeddable":true,"href":"https:\/\/elfaroonline.com.ar\/index.php\/wp-json\/wp\/v2\/comments?post=2089"}],"version-history":[{"count":1,"href":"https:\/\/elfaroonline.com.ar\/index.php\/wp-json\/wp\/v2\/posts\/2089\/revisions"}],"predecessor-version":[{"id":2091,"href":"https:\/\/elfaroonline.com.ar\/index.php\/wp-json\/wp\/v2\/posts\/2089\/revisions\/2091"}],"wp:featuredmedia":[{"embeddable":true,"href":"https:\/\/elfaroonline.com.ar\/index.php\/wp-json\/wp\/v2\/media\/2090"}],"wp:attachment":[{"href":"https:\/\/elfaroonline.com.ar\/index.php\/wp-json\/wp\/v2\/media?parent=2089"}],"wp:term":[{"taxonomy":"category","embeddable":true,"href":"https:\/\/elfaroonline.com.ar\/index.php\/wp-json\/wp\/v2\/categories?post=2089"},{"taxonomy":"post_tag","embeddable":true,"href":"https:\/\/elfaroonline.com.ar\/index.php\/wp-json\/wp\/v2\/tags?post=2089"}],"curies":[{"name":"wp","href":"https:\/\/api.w.org\/{rel}","templated":true}]}}