{"id":2093,"date":"2024-09-06T07:22:40","date_gmt":"2024-09-06T10:22:40","guid":{"rendered":"https:\/\/elfaroonline.com.ar\/?p=2093"},"modified":"2024-09-06T07:22:40","modified_gmt":"2024-09-06T10:22:40","slug":"el-norte-argentino-se-consolida-como-marca-en-el-2-foro-regional-de-turismo","status":"publish","type":"post","link":"https:\/\/elfaroonline.com.ar\/index.php\/2024\/09\/06\/el-norte-argentino-se-consolida-como-marca-en-el-2-foro-regional-de-turismo\/","title":{"rendered":"El Norte Argentino se consolida como marca en el 2\u00b0 Foro Regional de Turismo"},"content":{"rendered":"<p class=\"v1MsoNormal\">Bajo el lema &#8220;Norte sin l\u00edmites. Explorando nuevas oportunidades y desaf\u00edos para la regi\u00f3n&#8221;, se llev\u00f3 a cabo el 2\u00b0 Foro Regional de Turismo, el jueves 5 de septiembre en el Predio Ferial Catamarca, con gran convocatoria de representantes del sector p\u00fablico, privado y estudiantes de turismo de diecis\u00e9is provincias argentinas. Adem\u00e1s, se anunci\u00f3 que la tercera edici\u00f3n se realizar\u00e1 el 4 de septiembre de 2025 en San Miguel de Tucum\u00e1n.<\/p>\n<p class=\"v1MsoNormal\">La apertura oficial estuvo encabezada por el gobernador Ra\u00fal Jalil, acompa\u00f1ado por la ministra de Cultura, Turismo y Deporte, Daiana Rold\u00e1n, y los ministros de Turismo y Deportes de Salta, y presidente del Ente Norte, Mario Pe\u00f1a; de Cultura y Turismo de Jujuy, Federico Posadas; de Turismo y Culturas de La Rioja, Gustavo Luna; el subsecretario de Turismo de Santiago del Estero, Nelson Bravo, y la vicepresidenta del Ente de Turismo de Tucum\u00e1n, In\u00e9s Fr\u00edas.<\/p>\n<p class=\"v1MsoNormal\">La actividad reuni\u00f3 a prestigiosos profesionales de nivel nacional e internacional con el prop\u00f3sito de articular el trabajo de la regi\u00f3n tur\u00edstica para profundizar el posicionamiento y la comercializaci\u00f3n del destino Norte y fortalecer las capacidades provinciales y municipales relacionadas con la integraci\u00f3n regional p\u00fablico\/privada en materia de desarrollo y promoci\u00f3n tur\u00edstica.<\/p>\n<p class=\"v1MsoNormal\">&#8220;Un foro es un espacio donde adem\u00e1s de aprender vamos a llevar nuevas pr\u00e1cticas a las experiencias, por eso estamos muy contentos con la convocatoria, tuvimos m\u00e1s de 2000 pre inscriptos de diecis\u00e9is provincias&#8221;, expres\u00f3 Rold\u00e1n y a\u00f1adi\u00f3: &#8220;deseo que tengamos todos una grandiosa jornada y que sigamos trabajando as\u00ed, en conjunto para continuar demostrando que &#8216;En Argentina, el turismo tiene un Norte'&#8221;. Pe\u00f1a tambi\u00e9n destac\u00f3 la participaci\u00f3n y sostuvo que &#8220;el norte sin l\u00edmites tiene que ver con esto y con la decisi\u00f3n pol\u00edtica de seguir trabajando en ese sentido&#8221;.<\/p>\n<p class=\"v1MsoNormal\">A su turno, el gobernador Ra\u00fal Jalil dijo que es una decisi\u00f3n pol\u00edtica de los gobernadores de la regi\u00f3n instalar el turismo. &#8220;Cuando vamos a la Puna nos encontramos con turistas que nos cuentan que vienen de Salta, Jujuy, o de La Rioja y eso demuestra que la regi\u00f3n se posicion\u00f3 muy bien como destino en la Argentina. Hoy hay que salir a vender el norte en el mundo&#8221;, expres\u00f3.<\/p>\n<p class=\"v1MsoNormal\">&#8220;Ha cambiado la matriz de consumo, despu\u00e9s de la pandemia la gente elige el camino del turismo y para eso hay que prepararse. Por eso mejoramos la ruta a Antofagasta de la Sierra, ahora todo el tramo est\u00e1 asfaltado y ya comenzamos los primeros 60 km hacia Salta&#8221;, agreg\u00f3.<\/p>\n<p class=\"v1MsoNormal\">Durante la primera parte de las charlas programadas, Patricia Ruiz, especialista en marketing tur\u00edstico abord\u00f3 el tema &#8220;Dise\u00f1o de experiencias tur\u00edsticas&#8221; y destac\u00f3 la necesidad de transformar la oferta tur\u00edstica en experiencias memorables. Subray\u00f3 la importancia de conectar con el p\u00fablico y entender sus deseos para as\u00ed posicionar al norte como un destino atractivo, compartiendo tambi\u00e9n los pasos esenciales para la creaci\u00f3n de estas experiencias.<\/p>\n<p class=\"v1MsoNormal\">Marco Rossi expuso sobre &#8220;Inteligencia Artificial y su impacto en el turismo&#8221;; y Joan Cwaik acerca de las &#8220;Habilidades para recuperar lo humano&#8221;. En el segundo tramo de la jornada, Juli\u00e1n Gaita Gonzalez disert\u00f3 sobre &#8220;Los secretos detr\u00e1s de la magia&#8221; y &#8220;prohibido cerrar ventas&#8221;.<\/p>\n<p class=\"v1MsoNormal\">En el marco del panel &#8220;Estrategias de Promoci\u00f3n Tur\u00edstica Internacional en entornos digitales&#8221;, moderado por Florencia Sosa, Ana Clara Azurra del Instituto Nacional de Promoci\u00f3n Tur\u00edstica (Inprotur), y los influencers Morgan Mirabal y Vale en Argentina, expusieron acerca de los roles de los creadores de contenido.<\/p>\n<p class=\"v1MsoNormal\">El cierre estuvo a cargo de Sergio Oveja Hern\u00e1ndez, ex DT de la selecci\u00f3n Argentina de b\u00e1squet, con su conferencia donde present\u00f3 herramientas para liderar y trabajar en equipo, compartiendo su visi\u00f3n sobre el liderazgo, basado en la generosidad, honestidad y autenticidad.<\/p>\n","protected":false},"excerpt":{"rendered":"<p>Bajo el lema &#8220;Norte sin l\u00edmites. Explorando nuevas oportunidades y desaf\u00edos para la regi\u00f3n&#8221;, se llev\u00f3 a cabo el 2\u00b0 Foro Regional de Turismo, el jueves 5 de septiembre en el Predio Ferial Catamarca, con gran convocatoria de representantes del sector p\u00fablico, privado y estudiantes de turismo de diecis\u00e9is provincias argentinas. Adem\u00e1s, se anunci\u00f3 que [&hellip;]<\/p>\n","protected":false},"author":2,"featured_media":2094,"comment_status":"open","ping_status":"open","sticky":false,"template":"","format":"standard","meta":{"footnotes":""},"categories":[23,20],"tags":[],"class_list":{"0":"post-2093","1":"post","2":"type-post","3":"status-publish","4":"format-standard","5":"has-post-thumbnail","7":"category-destacados","8":"category-sociedad"},"aioseo_notices":[],"_links":{"self":[{"href":"https:\/\/elfaroonline.com.ar\/index.php\/wp-json\/wp\/v2\/posts\/2093","targetHints":{"allow":["GET"]}}],"collection":[{"href":"https:\/\/elfaroonline.com.ar\/index.php\/wp-json\/wp\/v2\/posts"}],"about":[{"href":"https:\/\/elfaroonline.com.ar\/index.php\/wp-json\/wp\/v2\/types\/post"}],"author":[{"embeddable":true,"href":"https:\/\/elfaroonline.com.ar\/index.php\/wp-json\/wp\/v2\/users\/2"}],"replies":[{"embeddable":true,"href":"https:\/\/elfaroonline.com.ar\/index.php\/wp-json\/wp\/v2\/comments?post=2093"}],"version-history":[{"count":1,"href":"https:\/\/elfaroonline.com.ar\/index.php\/wp-json\/wp\/v2\/posts\/2093\/revisions"}],"predecessor-version":[{"id":2095,"href":"https:\/\/elfaroonline.com.ar\/index.php\/wp-json\/wp\/v2\/posts\/2093\/revisions\/2095"}],"wp:featuredmedia":[{"embeddable":true,"href":"https:\/\/elfaroonline.com.ar\/index.php\/wp-json\/wp\/v2\/media\/2094"}],"wp:attachment":[{"href":"https:\/\/elfaroonline.com.ar\/index.php\/wp-json\/wp\/v2\/media?parent=2093"}],"wp:term":[{"taxonomy":"category","embeddable":true,"href":"https:\/\/elfaroonline.com.ar\/index.php\/wp-json\/wp\/v2\/categories?post=2093"},{"taxonomy":"post_tag","embeddable":true,"href":"https:\/\/elfaroonline.com.ar\/index.php\/wp-json\/wp\/v2\/tags?post=2093"}],"curies":[{"name":"wp","href":"https:\/\/api.w.org\/{rel}","templated":true}]}}