{"id":2106,"date":"2024-09-06T22:12:55","date_gmt":"2024-09-07T01:12:55","guid":{"rendered":"https:\/\/elfaroonline.com.ar\/?p=2106"},"modified":"2024-09-07T00:30:13","modified_gmt":"2024-09-07T03:30:13","slug":"causa-adhemar-capital-duro-reves-para-contreras-en-un-dictamen-del-procurador-general-de-la-nacion","status":"publish","type":"post","link":"https:\/\/elfaroonline.com.ar\/index.php\/2024\/09\/06\/causa-adhemar-capital-duro-reves-para-contreras-en-un-dictamen-del-procurador-general-de-la-nacion\/","title":{"rendered":"Causa Adhemar Capital: duro rev\u00e9s para Contreras en un dictamen del Procurador General de la Naci\u00f3n"},"content":{"rendered":"<p class=\"p1\"><span class=\"s1\">El Procurador General de la Naci\u00f3n,<span class=\"Apple-converted-space\">\u00a0 <\/span>Eduardo Casal emiti\u00f3 un dictamen en la cuesti\u00f3n de competencia por la causa Adhemar Capital que tiene actualmente detenido a Bacchiani. En sus fundamentos el magistrado apunt\u00f3 contra el Juez Miguel \u00c1ngel Contreras diciendo entre otras cuestiones qu\u00e9 us\u00f3 argumentos \u201cinfundados \u201c y por ello Casal dictamin\u00f3 que Bacchiani puede ser juzgado en C\u00f3rdoba.<\/span><\/p>\n<p class=\"p1\"><span class=\"s1\"><img loading=\"lazy\" decoding=\"async\" class=\"alignnone size-full wp-image-2107\" src=\"https:\/\/elfaroonline.com.ar\/wp-content\/uploads\/2024\/09\/IMG_5050.jpeg\" alt=\"\" width=\"1290\" height=\"1502\" srcset=\"https:\/\/elfaroonline.com.ar\/wp-content\/uploads\/2024\/09\/IMG_5050.jpeg 1290w, https:\/\/elfaroonline.com.ar\/wp-content\/uploads\/2024\/09\/IMG_5050-150x175.jpeg 150w, https:\/\/elfaroonline.com.ar\/wp-content\/uploads\/2024\/09\/IMG_5050-300x349.jpeg 300w, https:\/\/elfaroonline.com.ar\/wp-content\/uploads\/2024\/09\/IMG_5050-696x810.jpeg 696w, https:\/\/elfaroonline.com.ar\/wp-content\/uploads\/2024\/09\/IMG_5050-1068x1244.jpeg 1068w\" sizes=\"auto, (max-width: 1290px) 100vw, 1290px\" \/>En base a este dictamen el abogado querellante Alfredo Aydar celebr\u00f3 la medida y anticip\u00f3 que viajar\u00eda en los pr\u00f3ximos d\u00edas a C\u00f3rdoba para mantener importantes reuniones con funcionarios judiciales de aquella provincia.<\/span><\/p>\n<p class=\"p1\"><em><strong><span class=\"s1\">Consultado por nuestro diario dijo:<\/span><\/strong><\/em><\/p>\n<p class=\"p1\"><span class=\"s2\">\u201cCelebramos que el procurador<span class=\"Apple-converted-space\">\u00a0 <\/span>Casal haya DICTAMINADO A FAVOR DE LA POSTURA DE LA FISCAL RISSI, LO QUE REPRESENTA UN GRAN ALIVIO PARA QUIENES NOS ENCONTRAMOS ATRAPADOS EN UNA JUSTICIA FEDERAL CATAMARQUE\u00d1A TOTALMENTE SOMETIDA AL PODER POL\u00cdTICO PROVINCIAL, QUE NO DEMOSTR\u00d3 A LO LARGO DE \u00c9STOS A\u00d1OS, NINGUNA INTENCI\u00d3N REAL DE INVESTIGAR EL DELITO LAVADO DE DINERO Y SUS VICULACIONES CON EL PODER POL\u00cdTICO,<span class=\"Apple-converted-space\">\u00a0 <\/span>UNA JUSTICIA FEDERAL, QUE SE BURLA A LAS CARCAJADAS CUANDO LOS DAMNIFICADOS RECLAMAN POR EL DINERO QUE LES ARREBATARON LOS DELINCUENTES QUIENES CONTABAN CON TOTAL Y ABSOLUTO APOYO DEL ESTADO PROVINCIAL,<span class=\"Apple-converted-space\">\u00a0 <\/span>UNA JUSTICIA FEDERAL QUE NO ENCONTR\u00d3 NI UN CENTAVO PORQUE NO SUPO O NO QUISO BUSCAR DONDE SE DEB\u00cdA BUSCAR,<span class=\"Apple-converted-space\">\u00a0 <\/span>ESA MISMA JUSTICIA FEDERAL QUE US\u00d3 LAS HERRAMIENTAS DEL ESTADO PARA PERSEGUIR A LAS V\u00cdCTIMAS, HUMILLAR A LOS DAMNIFICADOS Y CANSARSE DE BENEFICIAR A EMPRESARIOS Y POL\u00cdTICOS AMIGOS\u201d expres\u00f3 el abogado.<\/span><\/p>\n<p class=\"p1\">\n<p class=\"p1\"><span class=\"s1\">\u201cES LA MISMA JUSTICIA FEDERAL QUE NO INVESTIG\u00d3 LOS DATOS PRECISOS QUE DEMUESTRAN LA RUTA DEL DINERO Y D\u00d3NDE MOVILIZAN LOS MILLONES EN CRIPTOMONEDAS\u201d apunt\u00f3 el letrado.<\/span><\/p>\n<p class=\"p1\"><span class=\"s1\">LA MISMA JUSTICIA FEDERAL QUE PERMITI\u00d3 QUE BLAS Y SARROCA HAGAN LO QUE QUIERAN CON DISPOSITIVOS ELECTR\u00d3NICOS Y QUE MANDARON A LA C\u00c1RCEL A ADHEMAR CON UN SEMEJANTE CELULAR EN SU BOLSILLO IZQUIERO.<\/span><\/p>\n<p class=\"p1\"><span class=\"s1\">\u201cPOR TODOS ESOS MOTIVOS, HOY NOS ARREPENTIMOS DE HABER DEFENDIDO INCIALMENTE EL FUERO FEDERAL, JAM\u00c1S IMAGINAMOS QUE LA JUSTICIA FEDERAL DE CATAMARCA FUERA TAN VERGOZOSA, COBARDE Y SOMETIDA AL PODER DE TURNO\u201d culmin\u00f3 el abogado querellante.<\/span><\/p>\n<h1>El fallo<\/h1>\n<p><img loading=\"lazy\" decoding=\"async\" class=\"alignnone size-full wp-image-2108\" src=\"https:\/\/elfaroonline.com.ar\/wp-content\/uploads\/2024\/09\/IMG_5051.jpeg\" alt=\"\" width=\"1290\" height=\"1525\" srcset=\"https:\/\/elfaroonline.com.ar\/wp-content\/uploads\/2024\/09\/IMG_5051.jpeg 1290w, https:\/\/elfaroonline.com.ar\/wp-content\/uploads\/2024\/09\/IMG_5051-150x177.jpeg 150w, https:\/\/elfaroonline.com.ar\/wp-content\/uploads\/2024\/09\/IMG_5051-300x355.jpeg 300w, https:\/\/elfaroonline.com.ar\/wp-content\/uploads\/2024\/09\/IMG_5051-696x823.jpeg 696w, https:\/\/elfaroonline.com.ar\/wp-content\/uploads\/2024\/09\/IMG_5051-1068x1263.jpeg 1068w\" sizes=\"auto, (max-width: 1290px) 100vw, 1290px\" \/> <img loading=\"lazy\" decoding=\"async\" class=\"alignnone size-medium wp-image-2109\" src=\"https:\/\/elfaroonline.com.ar\/wp-content\/uploads\/2024\/09\/IMG_5052.jpeg\" alt=\"\" width=\"1290\" height=\"1166\" srcset=\"https:\/\/elfaroonline.com.ar\/wp-content\/uploads\/2024\/09\/IMG_5052.jpeg 1290w, https:\/\/elfaroonline.com.ar\/wp-content\/uploads\/2024\/09\/IMG_5052-150x136.jpeg 150w, https:\/\/elfaroonline.com.ar\/wp-content\/uploads\/2024\/09\/IMG_5052-300x271.jpeg 300w, https:\/\/elfaroonline.com.ar\/wp-content\/uploads\/2024\/09\/IMG_5052-696x629.jpeg 696w, https:\/\/elfaroonline.com.ar\/wp-content\/uploads\/2024\/09\/IMG_5052-1068x965.jpeg 1068w\" sizes=\"auto, (max-width: 1290px) 100vw, 1290px\" \/> <img loading=\"lazy\" decoding=\"async\" class=\"alignnone size-medium wp-image-2110\" src=\"https:\/\/elfaroonline.com.ar\/wp-content\/uploads\/2024\/09\/IMG_5053.jpeg\" alt=\"\" width=\"1290\" height=\"1534\" srcset=\"https:\/\/elfaroonline.com.ar\/wp-content\/uploads\/2024\/09\/IMG_5053.jpeg 1290w, https:\/\/elfaroonline.com.ar\/wp-content\/uploads\/2024\/09\/IMG_5053-150x178.jpeg 150w, https:\/\/elfaroonline.com.ar\/wp-content\/uploads\/2024\/09\/IMG_5053-300x357.jpeg 300w, https:\/\/elfaroonline.com.ar\/wp-content\/uploads\/2024\/09\/IMG_5053-696x828.jpeg 696w, https:\/\/elfaroonline.com.ar\/wp-content\/uploads\/2024\/09\/IMG_5053-1068x1270.jpeg 1068w\" sizes=\"auto, (max-width: 1290px) 100vw, 1290px\" \/> <img loading=\"lazy\" decoding=\"async\" class=\"alignnone size-medium wp-image-2111\" src=\"https:\/\/elfaroonline.com.ar\/wp-content\/uploads\/2024\/09\/IMG_5054.jpeg\" alt=\"\" width=\"1290\" height=\"1176\" srcset=\"https:\/\/elfaroonline.com.ar\/wp-content\/uploads\/2024\/09\/IMG_5054.jpeg 1290w, https:\/\/elfaroonline.com.ar\/wp-content\/uploads\/2024\/09\/IMG_5054-150x137.jpeg 150w, https:\/\/elfaroonline.com.ar\/wp-content\/uploads\/2024\/09\/IMG_5054-300x273.jpeg 300w, https:\/\/elfaroonline.com.ar\/wp-content\/uploads\/2024\/09\/IMG_5054-696x634.jpeg 696w, https:\/\/elfaroonline.com.ar\/wp-content\/uploads\/2024\/09\/IMG_5054-1068x974.jpeg 1068w\" sizes=\"auto, (max-width: 1290px) 100vw, 1290px\" \/> <img loading=\"lazy\" decoding=\"async\" class=\"alignnone size-medium wp-image-2112\" src=\"https:\/\/elfaroonline.com.ar\/wp-content\/uploads\/2024\/09\/IMG_5055.jpeg\" alt=\"\" width=\"1290\" height=\"1347\" srcset=\"https:\/\/elfaroonline.com.ar\/wp-content\/uploads\/2024\/09\/IMG_5055.jpeg 1290w, https:\/\/elfaroonline.com.ar\/wp-content\/uploads\/2024\/09\/IMG_5055-150x157.jpeg 150w, https:\/\/elfaroonline.com.ar\/wp-content\/uploads\/2024\/09\/IMG_5055-300x313.jpeg 300w, https:\/\/elfaroonline.com.ar\/wp-content\/uploads\/2024\/09\/IMG_5055-696x727.jpeg 696w, https:\/\/elfaroonline.com.ar\/wp-content\/uploads\/2024\/09\/IMG_5055-1068x1115.jpeg 1068w\" sizes=\"auto, (max-width: 1290px) 100vw, 1290px\" \/> <img loading=\"lazy\" decoding=\"async\" class=\"alignnone size-medium wp-image-2113\" src=\"https:\/\/elfaroonline.com.ar\/wp-content\/uploads\/2024\/09\/IMG_5056.jpeg\" alt=\"\" width=\"1290\" height=\"406\" srcset=\"https:\/\/elfaroonline.com.ar\/wp-content\/uploads\/2024\/09\/IMG_5056.jpeg 1290w, https:\/\/elfaroonline.com.ar\/wp-content\/uploads\/2024\/09\/IMG_5056-150x47.jpeg 150w, https:\/\/elfaroonline.com.ar\/wp-content\/uploads\/2024\/09\/IMG_5056-300x94.jpeg 300w, https:\/\/elfaroonline.com.ar\/wp-content\/uploads\/2024\/09\/IMG_5056-696x219.jpeg 696w, https:\/\/elfaroonline.com.ar\/wp-content\/uploads\/2024\/09\/IMG_5056-1068x336.jpeg 1068w\" sizes=\"auto, (max-width: 1290px) 100vw, 1290px\" \/><\/p>\n","protected":false},"excerpt":{"rendered":"<p>El Procurador General de la Naci\u00f3n,\u00a0 Eduardo Casal emiti\u00f3 un dictamen en la cuesti\u00f3n de competencia por la causa Adhemar Capital que tiene actualmente detenido a Bacchiani. En sus fundamentos el magistrado apunt\u00f3 contra el Juez Miguel \u00c1ngel Contreras diciendo entre otras cuestiones qu\u00e9 us\u00f3 argumentos \u201cinfundados \u201c y por ello Casal dictamin\u00f3 que Bacchiani [&hellip;]<\/p>\n","protected":false},"author":2,"featured_media":2115,"comment_status":"open","ping_status":"open","sticky":false,"template":"","format":"standard","meta":{"footnotes":""},"categories":[27],"tags":[],"class_list":{"0":"post-2106","1":"post","2":"type-post","3":"status-publish","4":"format-standard","5":"has-post-thumbnail","7":"category-policiales"},"aioseo_notices":[],"_links":{"self":[{"href":"https:\/\/elfaroonline.com.ar\/index.php\/wp-json\/wp\/v2\/posts\/2106","targetHints":{"allow":["GET"]}}],"collection":[{"href":"https:\/\/elfaroonline.com.ar\/index.php\/wp-json\/wp\/v2\/posts"}],"about":[{"href":"https:\/\/elfaroonline.com.ar\/index.php\/wp-json\/wp\/v2\/types\/post"}],"author":[{"embeddable":true,"href":"https:\/\/elfaroonline.com.ar\/index.php\/wp-json\/wp\/v2\/users\/2"}],"replies":[{"embeddable":true,"href":"https:\/\/elfaroonline.com.ar\/index.php\/wp-json\/wp\/v2\/comments?post=2106"}],"version-history":[{"count":3,"href":"https:\/\/elfaroonline.com.ar\/index.php\/wp-json\/wp\/v2\/posts\/2106\/revisions"}],"predecessor-version":[{"id":2117,"href":"https:\/\/elfaroonline.com.ar\/index.php\/wp-json\/wp\/v2\/posts\/2106\/revisions\/2117"}],"wp:featuredmedia":[{"embeddable":true,"href":"https:\/\/elfaroonline.com.ar\/index.php\/wp-json\/wp\/v2\/media\/2115"}],"wp:attachment":[{"href":"https:\/\/elfaroonline.com.ar\/index.php\/wp-json\/wp\/v2\/media?parent=2106"}],"wp:term":[{"taxonomy":"category","embeddable":true,"href":"https:\/\/elfaroonline.com.ar\/index.php\/wp-json\/wp\/v2\/categories?post=2106"},{"taxonomy":"post_tag","embeddable":true,"href":"https:\/\/elfaroonline.com.ar\/index.php\/wp-json\/wp\/v2\/tags?post=2106"}],"curies":[{"name":"wp","href":"https:\/\/api.w.org\/{rel}","templated":true}]}}