{"id":2173,"date":"2024-09-09T21:06:25","date_gmt":"2024-09-10T00:06:25","guid":{"rendered":"https:\/\/elfaroonline.com.ar\/?p=2173"},"modified":"2024-09-09T21:06:25","modified_gmt":"2024-09-10T00:06:25","slug":"la-justicia-secuestro-mas-documentos-de-fabiola-yanez-en-la-clinica-donde-se-hizo-el-tratamiento-de-fertilidad","status":"publish","type":"post","link":"https:\/\/elfaroonline.com.ar\/index.php\/2024\/09\/09\/la-justicia-secuestro-mas-documentos-de-fabiola-yanez-en-la-clinica-donde-se-hizo-el-tratamiento-de-fertilidad\/","title":{"rendered":"La Justicia secuestr\u00f3 m\u00e1s documentos de Fabiola Ya\u00f1ez en la cl\u00ednica donde se hizo el tratamiento de fertilidad"},"content":{"rendered":"<p>A pedido del fiscal federal Ramiro Gonz\u00e1lez, el juez Juli\u00e1n Ercolini orden\u00f3 este lunes secuestrar todo el material que se vincule a <b>Fabiola Ya\u00f1ez<\/b> en la cl\u00ednica de fertilidad donde se hizo el tratamiento para quedar embarazada. El dato es relevante para los investigadores en el marco de la causa por<b>violencia de g\u00e9nero <\/b>en la que qued\u00f3 imputado el ex presidente <b>Alberto Fern\u00e1ndez <\/b>y en donde en las pr\u00f3ximas horas declarar\u00e1n un m\u00e9dico de la unidad presidencial y una esteticista que atend\u00eda a la ex primera dama.<\/p>\n<p class=\"paragraph\" data-mrf-recirculation=\"Links inline\">El fiscal Gonz\u00e1lez solicit\u00f3 el procedimiento \u201ca fin de reunir mayores elementos probatorios vinculados con las hip\u00f3tesis investigadas\u201d y teniendo en cuenta que Fabiola relev\u00f3 del secreto m\u00e9dico profesional a todos los profesionales que la asistieron. En ese contexto, el representante del Ministerio P\u00fablico entendi\u00f3 que era <b>\u201c\u00fatil y pertinente\u201d<\/b> que personal policial se hiciera presente en la cl\u00ednica Fertilis para que <b>\u201centregue toda la historia cl\u00ednica de Fabiola Y\u00e1\u00f1ez, todo archivo administrativo relacionado con el tratamiento atenci\u00f3n que recibi\u00f3 la nombrada y todo papel, documento anotaci\u00f3n y constancia que contenga su nombre\u201d.<\/b><\/p>\n<div class=\"inline ad-wrapper\">\n<div class=\"dfpAd ad-inline\"><\/div>\n<\/div>\n<p class=\"paragraph\" data-mrf-recirculation=\"Links inline\">El operativo fue autorizado por el juez Ercolini como una <b>orden de presentaci\u00f3n. <\/b>El documento advirti\u00f3 que si la cl\u00ednica opon\u00eda resistencia, <b>se deb\u00eda concretar un allanamiento <\/b>a los fines de hacerse con la documentaci\u00f3n buscada. Pero, de ser as\u00ed, deb\u00eda pedirse la autorizaci\u00f3n del procedimiento al juez federal de San Isidro, donde se encuentra el centro m\u00e9dico.<\/p>\n<p data-mrf-recirculation=\"Links inline\">La causa se inici\u00f3 hace un mes cuando Fabiola Ya\u00f1ez decidi\u00f3 impulsar la denuncia contra su ex pareja. Los primeros indicios contra el ex presidente surgieron de otro expediente: la investigaci\u00f3n por corrupci\u00f3n por los negociados con los seguros durante el gobierno anterior. All\u00ed, la secretaria presidencial\u00a0<b>Mar\u00eda Cantero<\/b>\u00a0-investigada junto su marido y Alberto Fern\u00e1ndez- hablaba con Fabiola y la entonces primera dama le revelaba c\u00f3mo estaba siendo golpeada y ya no aguantaba m\u00e1s.<\/p>\n","protected":false},"excerpt":{"rendered":"<p>A pedido del fiscal federal Ramiro Gonz\u00e1lez, el juez Juli\u00e1n Ercolini orden\u00f3 este lunes secuestrar todo el material que se vincule a Fabiola Ya\u00f1ez en la cl\u00ednica de fertilidad donde se hizo el tratamiento para quedar embarazada. El dato es relevante para los investigadores en el marco de la causa porviolencia de g\u00e9nero en la [&hellip;]<\/p>\n","protected":false},"author":2,"featured_media":2174,"comment_status":"open","ping_status":"open","sticky":false,"template":"","format":"standard","meta":{"footnotes":""},"categories":[22,27],"tags":[],"class_list":{"0":"post-2173","1":"post","2":"type-post","3":"status-publish","4":"format-standard","5":"has-post-thumbnail","7":"category-nacionales","8":"category-policiales"},"aioseo_notices":[],"_links":{"self":[{"href":"https:\/\/elfaroonline.com.ar\/index.php\/wp-json\/wp\/v2\/posts\/2173","targetHints":{"allow":["GET"]}}],"collection":[{"href":"https:\/\/elfaroonline.com.ar\/index.php\/wp-json\/wp\/v2\/posts"}],"about":[{"href":"https:\/\/elfaroonline.com.ar\/index.php\/wp-json\/wp\/v2\/types\/post"}],"author":[{"embeddable":true,"href":"https:\/\/elfaroonline.com.ar\/index.php\/wp-json\/wp\/v2\/users\/2"}],"replies":[{"embeddable":true,"href":"https:\/\/elfaroonline.com.ar\/index.php\/wp-json\/wp\/v2\/comments?post=2173"}],"version-history":[{"count":1,"href":"https:\/\/elfaroonline.com.ar\/index.php\/wp-json\/wp\/v2\/posts\/2173\/revisions"}],"predecessor-version":[{"id":2175,"href":"https:\/\/elfaroonline.com.ar\/index.php\/wp-json\/wp\/v2\/posts\/2173\/revisions\/2175"}],"wp:featuredmedia":[{"embeddable":true,"href":"https:\/\/elfaroonline.com.ar\/index.php\/wp-json\/wp\/v2\/media\/2174"}],"wp:attachment":[{"href":"https:\/\/elfaroonline.com.ar\/index.php\/wp-json\/wp\/v2\/media?parent=2173"}],"wp:term":[{"taxonomy":"category","embeddable":true,"href":"https:\/\/elfaroonline.com.ar\/index.php\/wp-json\/wp\/v2\/categories?post=2173"},{"taxonomy":"post_tag","embeddable":true,"href":"https:\/\/elfaroonline.com.ar\/index.php\/wp-json\/wp\/v2\/tags?post=2173"}],"curies":[{"name":"wp","href":"https:\/\/api.w.org\/{rel}","templated":true}]}}