{"id":2196,"date":"2024-09-11T20:38:54","date_gmt":"2024-09-11T23:38:54","guid":{"rendered":"https:\/\/elfaroonline.com.ar\/?p=2196"},"modified":"2024-09-11T20:38:54","modified_gmt":"2024-09-11T23:38:54","slug":"diputados-dio-media-sancion-al-blanqueo-de-capitales-y-ratifico-decreto-de-emergencia-energetica","status":"publish","type":"post","link":"https:\/\/elfaroonline.com.ar\/index.php\/2024\/09\/11\/diputados-dio-media-sancion-al-blanqueo-de-capitales-y-ratifico-decreto-de-emergencia-energetica\/","title":{"rendered":"Diputados dio media sanci\u00f3n al blanqueo de capitales y ratific\u00f3 decreto de emergencia energ\u00e9tica"},"content":{"rendered":"<p dir=\"ltr\">Durante la d\u00e9cimo s\u00e9ptima sesi\u00f3n ordinaria, la C\u00e1mara de Diputados conducida por Paola Fedeli, aprob\u00f3 con media sanci\u00f3n el proyecto enviado por el Ejecutivo para la adhesi\u00f3n de la provincia al R\u00e9gimen de Regularizaci\u00f3n de Activos (blanqueo de capitales) incluido en la Ley Nacional de Medidas Fiscales Paliativas y Relevantes y, adem\u00e1s, ratific\u00f3 el Decreto Acuerdo que declar\u00f3 la emergencia energ\u00e9tica en la provincia hasta finales de a\u00f1o.<\/p>\n<p>&nbsp;<\/p>\n<p dir=\"ltr\"><b>Media sanci\u00f3n al blanqueo de capitales<\/b><\/p>\n<p>&nbsp;<\/p>\n<p dir=\"ltr\">En el tratamiento del proyecto de blanqueo de capitales, M\u00f3nica Zalazar (FT) actu\u00f3 como miembro informante y destac\u00f3 que la finalidad de la iniciativa &#8220;ofrece opciones para reincorporar a la econom\u00eda formal a los contribuyentes que opten por adherir voluntariamente a este r\u00e9gimen y aliviar la situaci\u00f3n financiera al efectivizar el cobro inmediato de impuestos adeudados u omitidos&#8221;. Adem\u00e1s, subray\u00f3 que los ingresos que se obtengan por la adhesi\u00f3n &#8220;son recursos que van a ingresar a la provincia teniendo en cuenta que se tratan de impuestos coparticipables y, al ser voluntario, quien no adhiere no tiene beneficios previstos por la Ley&#8221;.<\/p>\n<p>&nbsp;<\/p>\n<p dir=\"ltr\">Zalazar explic\u00f3 que aquellos que se adhieran quedar\u00e1n exceptuados del pago de diversos tributos, como el Inmobiliario (por los bienes exclusivamente regularizados y situados en la provincia), el Automotor (para aquellos veh\u00edculos exclusivamente regularizados y patentados en la provincia), el impuesto sobre los Ingresos Brutos (por los ingresos que hubieran omitido declarar) y el impuesto de sellos (por los instrumentos cuyo contenido sean los activos regularizados).<\/p>\n<p>&nbsp;<\/p>\n<p dir=\"ltr\">Adri\u00e1n Brizuela (LLA) apoy\u00f3 la iniciativa afirmando que, a diferencia de otros blanqueos, este &#8220;no tiene una finalidad fiscal sino que apunta al centro del problema argentino que es la falta de confianza en el sistema&#8221;. Tambi\u00e9n indic\u00f3 que &#8220;es muy importante para nuestra provincia la adhesi\u00f3n porque es coparticipable&#8221; para adelantar el respaldo del bloque. Mamerto Acu\u00f1a (UCR) expres\u00f3 su desacuerdo, argumentando que de adherir al blanqueo se estar\u00edan perdiendo recursos, no as\u00ed si fuese una moratoria. Por su parte, Mar\u00eda Argerich (FT) record\u00f3 que &#8220;la iniciativa fue tratada en Comisi\u00f3n donde no hubo una propuesta alternativa&#8221; y enfatiz\u00f3 que &#8220;la provincia necesita hoy, en funci\u00f3n de la baja de la coparticipaci\u00f3n, que todo aquel dinero que pueda ingresar a la provincia para ser puesto al servicio de los catamarque\u00f1os ingrese&#8221;.<\/p>\n<p>&nbsp;<\/p>\n<p dir=\"ltr\">Gustavo Aguirre (FT) defendi\u00f3 la medida apuntando que existe una responsabilidad de Gobierno, &#8220;tanto a nivel provincial como a nivel nacional, entonces ac\u00e1 hay una necesidad de que haya m\u00e1s recaudaci\u00f3n y se coparticipen m\u00e1s fondos a la provincia, porque la responsabilidad principal es gobernar para los catamarque\u00f1os, y cuanto m\u00e1s recursos tenga el Estado, mejor podr\u00e1 cumplir su funci\u00f3n y los objetivos de gesti\u00f3n&#8221;. Tras el debate, la Presidenta del cuerpo puso a consideraci\u00f3n de las y los legisladores quedando aprobada por mayor\u00eda la adhesi\u00f3n al blanqueo de capitales.<\/p>\n<p>&nbsp;<\/p>\n<p dir=\"ltr\"><b>Ratificaci\u00f3n del Decreto de emergencia energ\u00e9tica<\/b><\/p>\n<p dir=\"ltr\">La C\u00e1mara tambi\u00e9n debati\u00f3 el Decreto Acuerdo del Ejecutivo que declar\u00f3 en estado de emergencia la prestaci\u00f3n del servicio p\u00fablico de energ\u00eda el\u00e9ctrica en toda la provincia. Gustavo Aguirre (FT), miembro informante del proyecto, explic\u00f3 que el Decreto, vigente desde febrero, es una respuesta a &#8220;la pol\u00edtica energ\u00e9tica nacional de actualizaci\u00f3n y liberaci\u00f3n de las tarifas, situaci\u00f3n que viene acompa\u00f1ada de aumentos generales de precios y que impacta de lleno en la capacidad adquisitiva&#8221;.<\/p>\n<p>&nbsp;<\/p>\n<p dir=\"ltr\">Aguirre detall\u00f3 que el Decreto &#8220;busca generar procedimientos m\u00e1s expeditivos, acortar plazos, para la actualizaci\u00f3n del VAD (Valor Agregado de Distribuci\u00f3n) y que la empresa distribuidora provincial pueda contar con mayor capacidad de respuesta a fin de afrontar los costos para la prestaci\u00f3n del servicio de manera eficiente&#8221;. Adem\u00e1s, subray\u00f3 que el instrumento &#8220;no suspende audiencias p\u00fablicas, no modifica par\u00e1metros para determinar precios de tarifas, no se reemplaza ni suspende el funcionamiento del ENRE&#8221;.<\/p>\n<p>&nbsp;<\/p>\n<p dir=\"ltr\">En el debate, Tiago Puente (UCR) apunt\u00f3 contra los cambios en los procedimientos administrativos del Decreto, mientras que Silvana Carrizo (UCR) asegur\u00f3 que su bloque seguir\u00e1 &#8220;respaldando el reclamo de los ciudadanos catamarque\u00f1os&#8221; por las tarifas de energ\u00eda, m\u00e1s a\u00fan cuando &#8220;se liber\u00f3 del procedimiento legal y adecuado para el incremento de las tarifas de luz&#8221;. Mar\u00eda Argerich (FT) acus\u00f3 a los otros bloques de incoherencia, se\u00f1alando que mientras Naci\u00f3n aumenta tarifas de servicios, se cuestiona a la Provincia. Finalmente, tras las intervenciones de varios diputados, la votaci\u00f3n nominal result\u00f3 en 20 votos afirmativos, 13 negativos y ocho ausentes, ratificando as\u00ed el Decreto del Ejecutivo.<\/p>\n<p>&nbsp;<\/p>\n<p dir=\"ltr\"><b>Reconocimientos<\/b><\/p>\n<p>&nbsp;<\/p>\n<p dir=\"ltr\">En la sesi\u00f3n tambi\u00e9n se aprob\u00f3 el proyecto presentado por el bloque La Libertad Avanza, que declara de Inter\u00e9s Parlamentario al &#8220;Banco de Pelucas Solidarias Oncol\u00f3gicas Gratuitas&#8221; creado por la ONG Soles Catamarca\u00a0 y la iniciativa de Gladys Moro (FT) que declar\u00f3 de Inter\u00e9s Legislativo el 52 aniversario de la Universidad Nacional de Catamarca (UNCA), reconociendo as\u00ed su papel esencial en el \u00e1mbito educativo y su contribuci\u00f3n al desarrollo regional y nacional.<\/p>\n","protected":false},"excerpt":{"rendered":"<p>Durante la d\u00e9cimo s\u00e9ptima sesi\u00f3n ordinaria, la C\u00e1mara de Diputados conducida por Paola Fedeli, aprob\u00f3 con media sanci\u00f3n el proyecto enviado por el Ejecutivo para la adhesi\u00f3n de la provincia al R\u00e9gimen de Regularizaci\u00f3n de Activos (blanqueo de capitales) incluido en la Ley Nacional de Medidas Fiscales Paliativas y Relevantes y, adem\u00e1s, ratific\u00f3 el Decreto [&hellip;]<\/p>\n","protected":false},"author":2,"featured_media":2197,"comment_status":"open","ping_status":"open","sticky":false,"template":"","format":"standard","meta":{"footnotes":""},"categories":[21],"tags":[],"class_list":{"0":"post-2196","1":"post","2":"type-post","3":"status-publish","4":"format-standard","5":"has-post-thumbnail","7":"category-politica"},"aioseo_notices":[],"_links":{"self":[{"href":"https:\/\/elfaroonline.com.ar\/index.php\/wp-json\/wp\/v2\/posts\/2196","targetHints":{"allow":["GET"]}}],"collection":[{"href":"https:\/\/elfaroonline.com.ar\/index.php\/wp-json\/wp\/v2\/posts"}],"about":[{"href":"https:\/\/elfaroonline.com.ar\/index.php\/wp-json\/wp\/v2\/types\/post"}],"author":[{"embeddable":true,"href":"https:\/\/elfaroonline.com.ar\/index.php\/wp-json\/wp\/v2\/users\/2"}],"replies":[{"embeddable":true,"href":"https:\/\/elfaroonline.com.ar\/index.php\/wp-json\/wp\/v2\/comments?post=2196"}],"version-history":[{"count":1,"href":"https:\/\/elfaroonline.com.ar\/index.php\/wp-json\/wp\/v2\/posts\/2196\/revisions"}],"predecessor-version":[{"id":2198,"href":"https:\/\/elfaroonline.com.ar\/index.php\/wp-json\/wp\/v2\/posts\/2196\/revisions\/2198"}],"wp:featuredmedia":[{"embeddable":true,"href":"https:\/\/elfaroonline.com.ar\/index.php\/wp-json\/wp\/v2\/media\/2197"}],"wp:attachment":[{"href":"https:\/\/elfaroonline.com.ar\/index.php\/wp-json\/wp\/v2\/media?parent=2196"}],"wp:term":[{"taxonomy":"category","embeddable":true,"href":"https:\/\/elfaroonline.com.ar\/index.php\/wp-json\/wp\/v2\/categories?post=2196"},{"taxonomy":"post_tag","embeddable":true,"href":"https:\/\/elfaroonline.com.ar\/index.php\/wp-json\/wp\/v2\/tags?post=2196"}],"curies":[{"name":"wp","href":"https:\/\/api.w.org\/{rel}","templated":true}]}}