{"id":2199,"date":"2024-09-11T20:41:07","date_gmt":"2024-09-11T23:41:07","guid":{"rendered":"https:\/\/elfaroonline.com.ar\/?p=2199"},"modified":"2024-09-11T20:41:07","modified_gmt":"2024-09-11T23:41:07","slug":"operativo-de-documentacion-en-la-majada","status":"publish","type":"post","link":"https:\/\/elfaroonline.com.ar\/index.php\/2024\/09\/11\/operativo-de-documentacion-en-la-majada\/","title":{"rendered":"Operativo de documentaci\u00f3n en La Majada"},"content":{"rendered":"<p class=\"v1MsoNormal\">Con el objetivo de brindar a todos los catamarque\u00f1os la posibilidad de realizar sus tr\u00e1mites, el m\u00f3vil del Registro Civil de la provincia lleg\u00f3 a la localidad de La Majada, departamento Ancasti.<\/p>\n<p class=\"v1MsoNormal\">Durante toda la jornada del d\u00eda jueves pasado, las familias de la localidad y zonas cercanas, aprovecharon el arribo del centro de documentaci\u00f3n m\u00f3vil.<\/p>\n<p class=\"v1MsoNormal\">Alrededor de 45 vecinos pudieron realizar sus tr\u00e1mites de documentaci\u00f3n; entre ellos, el nuevo ejemplar de DNI, actualizaciones de 8 y 15 a\u00f1os, cambios de domicilio y el registro de 2 reci\u00e9n nacidos.<\/p>\n<p class=\"v1MsoNormal\">&#8220;Tenemos el firme prop\u00f3sito de llegar a la Catamarca profunda y acercar nuestro servicio para posibilitar a los vecinos y vecinas que gestionen su DNI sin tener que viajar y trasladarse, en este caso a la cabecera departamental de Ancasti, lo que genera gastos de entre $80 y 90 mil pesos en traslado por persona&#8221;, manifest\u00f3 el director del Registro Civil, Jorge Fern\u00e1ndez.<\/p>\n<p>El Registro Civil contin\u00faa con el recorrido de su m\u00f3vil por los diferentes barrios de la Capital y localidades del interior para acercar a cada catamarque\u00f1o y catamarque\u00f1a la posibilidad de gestionar sus tr\u00e1mites de documentaci\u00f3n r\u00e1pida y cerca de su domicilio. Desde el organismo, anunciaron que la pr\u00f3xima visita ser\u00e1 en el departamento Recreo.<\/p>\n","protected":false},"excerpt":{"rendered":"<p>Con el objetivo de brindar a todos los catamarque\u00f1os la posibilidad de realizar sus tr\u00e1mites, el m\u00f3vil del Registro Civil de la provincia lleg\u00f3 a la localidad de La Majada, departamento Ancasti. Durante toda la jornada del d\u00eda jueves pasado, las familias de la localidad y zonas cercanas, aprovecharon el arribo del centro de documentaci\u00f3n [&hellip;]<\/p>\n","protected":false},"author":2,"featured_media":2200,"comment_status":"open","ping_status":"open","sticky":false,"template":"","format":"standard","meta":{"footnotes":""},"categories":[20],"tags":[],"class_list":{"0":"post-2199","1":"post","2":"type-post","3":"status-publish","4":"format-standard","5":"has-post-thumbnail","7":"category-sociedad"},"aioseo_notices":[],"_links":{"self":[{"href":"https:\/\/elfaroonline.com.ar\/index.php\/wp-json\/wp\/v2\/posts\/2199","targetHints":{"allow":["GET"]}}],"collection":[{"href":"https:\/\/elfaroonline.com.ar\/index.php\/wp-json\/wp\/v2\/posts"}],"about":[{"href":"https:\/\/elfaroonline.com.ar\/index.php\/wp-json\/wp\/v2\/types\/post"}],"author":[{"embeddable":true,"href":"https:\/\/elfaroonline.com.ar\/index.php\/wp-json\/wp\/v2\/users\/2"}],"replies":[{"embeddable":true,"href":"https:\/\/elfaroonline.com.ar\/index.php\/wp-json\/wp\/v2\/comments?post=2199"}],"version-history":[{"count":1,"href":"https:\/\/elfaroonline.com.ar\/index.php\/wp-json\/wp\/v2\/posts\/2199\/revisions"}],"predecessor-version":[{"id":2201,"href":"https:\/\/elfaroonline.com.ar\/index.php\/wp-json\/wp\/v2\/posts\/2199\/revisions\/2201"}],"wp:featuredmedia":[{"embeddable":true,"href":"https:\/\/elfaroonline.com.ar\/index.php\/wp-json\/wp\/v2\/media\/2200"}],"wp:attachment":[{"href":"https:\/\/elfaroonline.com.ar\/index.php\/wp-json\/wp\/v2\/media?parent=2199"}],"wp:term":[{"taxonomy":"category","embeddable":true,"href":"https:\/\/elfaroonline.com.ar\/index.php\/wp-json\/wp\/v2\/categories?post=2199"},{"taxonomy":"post_tag","embeddable":true,"href":"https:\/\/elfaroonline.com.ar\/index.php\/wp-json\/wp\/v2\/tags?post=2199"}],"curies":[{"name":"wp","href":"https:\/\/api.w.org\/{rel}","templated":true}]}}