{"id":2202,"date":"2024-09-11T20:47:40","date_gmt":"2024-09-11T23:47:40","guid":{"rendered":"https:\/\/elfaroonline.com.ar\/?p=2202"},"modified":"2024-09-11T20:47:40","modified_gmt":"2024-09-11T23:47:40","slug":"gracias-al-quiebre-de-la-ucr-el-oficialismo-logro-blindar-el-veto-de-milei-a-la-movilidad-jubilatoria-en-diputados","status":"publish","type":"post","link":"https:\/\/elfaroonline.com.ar\/index.php\/2024\/09\/11\/gracias-al-quiebre-de-la-ucr-el-oficialismo-logro-blindar-el-veto-de-milei-a-la-movilidad-jubilatoria-en-diputados\/","title":{"rendered":"Gracias al quiebre de la UCR, el oficialismo logr\u00f3 blindar el veto de Milei a la movilidad jubilatoria en Diputados"},"content":{"rendered":"<p>La oposici\u00f3n <b>fracas\u00f3 este mi\u00e9rcoles en su intento de revertir el veto<\/b> presidencial de Javier Milei a la nueva f\u00f3rmula de <b>movilidad jubilatoria<\/b>en la <b>C\u00e1mara de Diputados<\/b>. La votaci\u00f3n termin\u00f3 m\u00e1s holgada a favor de la Casa Rosada de lo que se anticipaba hace apenas dos semanas gracias al cambio de posici\u00f3n de una parte importante del bloque <b>UCR <\/b>-que hab\u00eda convocado a la sesi\u00f3n- y de<b> Innovaci\u00f3n Federal. El resultado final fue 153 a favor, 87 en contra y 8 abstenciones.<\/b><\/p>\n<p>Las primeras se\u00f1ales de la victoria libertaria se conocieron ayer, cuando un grupo de cinco diputados radicales &#8211;<b>Mart\u00edn Arjol, Luis Picat, Jos\u00e9 Federico Tournier, Mariano Campero y Pablo Cervi<\/b>&#8211; se fotografi\u00f3 junto al Presidente en la Casa Rosada, dejando en claro que votar\u00edan en contra del proyecto que ellos mismos hab\u00edan aprobado en junio. A eso se sumaron luego las ausencias de <b>Roxana Reyes<\/b> (que durante la sesi\u00f3n hab\u00eda dicho que pensaba abstenerse) y <b>Gerardo Cipolini.<\/b><\/p>\n<p>La foto caus\u00f3 un <b>cimbronazo dentro del bloque<\/b>que conduce Rodrigo de Loredo. Hubo reproches en privado, escraches p\u00fablicos y hasta amenazas de medidas disciplinarias contra los \u201cradicales L\u201d. <b>\u201cRoma no paga traidores y el pueblo tampoco los vota\u201d<\/b>, arremeti\u00f3 la diputada Danya Tavela, que responde a la l\u00ednea interna Mart\u00edn Lousteau-Emiliano Yacobitti, en referencia a sus compa\u00f1eros d\u00edscolos.<\/p>\n<p>Debido a que el proyecto lleg\u00f3 al recinto sin dictamen de comisi\u00f3n, se necesitaba habilitar su tratamiento sobre tablas con dos tercios de los presentes, la misma mayor\u00eda agravada que se necesitaba para su aprobaci\u00f3n. La habilitaci\u00f3n se aprob\u00f3 a mano alzada incluso con el aval del oficialismo, que al tener los votos para blindar el veto, prefer\u00eda avanzar con la votaci\u00f3n para evitar que el tema vuelva a comisi\u00f3n y se prolongue la discusi\u00f3n.<\/p>\n<p>Antes de que comenzara el debate formalmente la C\u00e1mara acept\u00f3 la renuncia del radical entrerriano <b>Pedro Galimberti<\/b> para desempe\u00f1arse en la <b>Comisi\u00f3n T\u00e9cnica Mixta de Salto Grande<\/b>. Fue reemplazado por Nancy Ballejos, del PRO, que sum\u00f3 otro voto en contra de la insistencia.<\/p>\n<p class=\"paragraph\" data-mrf-recirculation=\"Links inline\">La ley sancionada hace apenas tres semanas en el Senado establec\u00eda una actualizaci\u00f3n por IPC de las jubilaciones m\u00e1s un plus de <b>8,1% retroactivo a enero<\/b>. Tambi\u00e9n inclu\u00eda el pago de las deudas de las cajas previsionales provinciales -13 distritos no transfirieron a Naci\u00f3n-, el desembolso de todos los juicios previsionales con sentencia firme y un aumento anual adicional en marzo seg\u00fan la diferencia entre el \u00edndice Ripte y el IPC.<\/p>\n<p class=\"paragraph\" data-mrf-recirculation=\"Links inline\">Desde el principio el propio Milei hab\u00eda adelantado que la vetar\u00eda la ley porque implicaba un <b>costo fiscal de 1,2 puntos del PBI <\/b>que arruinar\u00eda el super\u00e1vit fiscal, base de su programa econ\u00f3mico.<\/p>\n","protected":false},"excerpt":{"rendered":"<p>La oposici\u00f3n fracas\u00f3 este mi\u00e9rcoles en su intento de revertir el veto presidencial de Javier Milei a la nueva f\u00f3rmula de movilidad jubilatoriaen la C\u00e1mara de Diputados. La votaci\u00f3n termin\u00f3 m\u00e1s holgada a favor de la Casa Rosada de lo que se anticipaba hace apenas dos semanas gracias al cambio de posici\u00f3n de una parte [&hellip;]<\/p>\n","protected":false},"author":2,"featured_media":2203,"comment_status":"open","ping_status":"open","sticky":false,"template":"","format":"standard","meta":{"footnotes":""},"categories":[22],"tags":[],"class_list":{"0":"post-2202","1":"post","2":"type-post","3":"status-publish","4":"format-standard","5":"has-post-thumbnail","7":"category-nacionales"},"aioseo_notices":[],"_links":{"self":[{"href":"https:\/\/elfaroonline.com.ar\/index.php\/wp-json\/wp\/v2\/posts\/2202","targetHints":{"allow":["GET"]}}],"collection":[{"href":"https:\/\/elfaroonline.com.ar\/index.php\/wp-json\/wp\/v2\/posts"}],"about":[{"href":"https:\/\/elfaroonline.com.ar\/index.php\/wp-json\/wp\/v2\/types\/post"}],"author":[{"embeddable":true,"href":"https:\/\/elfaroonline.com.ar\/index.php\/wp-json\/wp\/v2\/users\/2"}],"replies":[{"embeddable":true,"href":"https:\/\/elfaroonline.com.ar\/index.php\/wp-json\/wp\/v2\/comments?post=2202"}],"version-history":[{"count":1,"href":"https:\/\/elfaroonline.com.ar\/index.php\/wp-json\/wp\/v2\/posts\/2202\/revisions"}],"predecessor-version":[{"id":2204,"href":"https:\/\/elfaroonline.com.ar\/index.php\/wp-json\/wp\/v2\/posts\/2202\/revisions\/2204"}],"wp:featuredmedia":[{"embeddable":true,"href":"https:\/\/elfaroonline.com.ar\/index.php\/wp-json\/wp\/v2\/media\/2203"}],"wp:attachment":[{"href":"https:\/\/elfaroonline.com.ar\/index.php\/wp-json\/wp\/v2\/media?parent=2202"}],"wp:term":[{"taxonomy":"category","embeddable":true,"href":"https:\/\/elfaroonline.com.ar\/index.php\/wp-json\/wp\/v2\/categories?post=2202"},{"taxonomy":"post_tag","embeddable":true,"href":"https:\/\/elfaroonline.com.ar\/index.php\/wp-json\/wp\/v2\/tags?post=2202"}],"curies":[{"name":"wp","href":"https:\/\/api.w.org\/{rel}","templated":true}]}}