{"id":2205,"date":"2024-09-11T20:52:00","date_gmt":"2024-09-11T23:52:00","guid":{"rendered":"https:\/\/elfaroonline.com.ar\/?p=2205"},"modified":"2024-09-11T20:52:00","modified_gmt":"2024-09-11T23:52:00","slug":"la-inflacion-de-agosto-fue-del-42-y-acumulo-un-2367-en-los-ultimos-doce-meses","status":"publish","type":"post","link":"https:\/\/elfaroonline.com.ar\/index.php\/2024\/09\/11\/la-inflacion-de-agosto-fue-del-42-y-acumulo-un-2367-en-los-ultimos-doce-meses\/","title":{"rendered":"La inflaci\u00f3n de agosto fue del 4,2% y acumul\u00f3 un 236,7% en los \u00faltimos doce meses"},"content":{"rendered":"<p>El <b>INDEC <\/b>public\u00f3 hoy el<b> \u00cdndice de Precios al Consumidor (IPC)<\/b> correspondiente a <b>agosto<\/b>, que registr\u00f3 un incremento mensual de 4,2%, en l\u00ednea con las estimaciones de consultoras privadas y analistas del mercado.<\/p>\n<p>Con este dato, la <b>inflaci\u00f3n interanual<\/b> se ubic\u00f3 en 236,7%, consolidando as\u00ed una tendencia de desaceleraci\u00f3n. La inflaci\u00f3n acumulada en los primeros ocho meses del a\u00f1o, a su vez, se ubic\u00f3 en 94,8%. Y la inflaci\u00f3n n\u00facleo, la que excluye los precios regulados y estacionales, fue de 4,1% y aument\u00f3 por segundo mes consecutivo.<\/p>\n<p>El resultado de agosto es apenas superior al de julio, cuando el IPC mostr\u00f3 un aumento del 4%. Sin embargo, pese a las expectativas iniciales de una desaceleraci\u00f3n, los precios contin\u00faan mostrando resistencia a la baja, principalmente debido al comportamiento de ciertos sectores clave, como alimentos y bebidas.<\/p>\n<p>En las \u00faltimas semanas, distintos relevamientos privados y proyecciones oficiales apuntaban a un escenario inflacionario en torno al 4%, una tendencia que se viene manteniendo de forma sostenida desde mayo. Desde el Ministerio de Econom\u00eda, el ministro Luis Caputo reconoci\u00f3 que la inflaci\u00f3n \u201ctodav\u00eda no cede al ritmo esperado\u201d, aunque destac\u00f3 que se trata del dato m\u00e1s bajo desde enero de 2022, cuando la variaci\u00f3n mensual fue del 3,9%.<\/p>\n<p>El funcionario tambi\u00e9n subray\u00f3 que la pol\u00edtica monetaria de \u201cemisi\u00f3n cero\u201d, junto con la baja progresiva del impuesto PAIS, permitir\u00e1 avanzar en la estabilizaci\u00f3n de los precios en los pr\u00f3ximos meses. \u201cEstamos trabajando para lograr una convergencia inflacionaria hacia la meta cambiaria, lo cual nos permitir\u00e1 eliminar las restricciones cambiarias de manera definitiva\u201d, sostuvo Caputo en una reciente entrevista radial.<\/p>\n","protected":false},"excerpt":{"rendered":"<p>El INDEC public\u00f3 hoy el \u00cdndice de Precios al Consumidor (IPC) correspondiente a agosto, que registr\u00f3 un incremento mensual de 4,2%, en l\u00ednea con las estimaciones de consultoras privadas y analistas del mercado. Con este dato, la inflaci\u00f3n interanual se ubic\u00f3 en 236,7%, consolidando as\u00ed una tendencia de desaceleraci\u00f3n. La inflaci\u00f3n acumulada en los primeros [&hellip;]<\/p>\n","protected":false},"author":2,"featured_media":2206,"comment_status":"open","ping_status":"open","sticky":false,"template":"","format":"standard","meta":{"footnotes":""},"categories":[22],"tags":[],"class_list":{"0":"post-2205","1":"post","2":"type-post","3":"status-publish","4":"format-standard","5":"has-post-thumbnail","7":"category-nacionales"},"aioseo_notices":[],"_links":{"self":[{"href":"https:\/\/elfaroonline.com.ar\/index.php\/wp-json\/wp\/v2\/posts\/2205","targetHints":{"allow":["GET"]}}],"collection":[{"href":"https:\/\/elfaroonline.com.ar\/index.php\/wp-json\/wp\/v2\/posts"}],"about":[{"href":"https:\/\/elfaroonline.com.ar\/index.php\/wp-json\/wp\/v2\/types\/post"}],"author":[{"embeddable":true,"href":"https:\/\/elfaroonline.com.ar\/index.php\/wp-json\/wp\/v2\/users\/2"}],"replies":[{"embeddable":true,"href":"https:\/\/elfaroonline.com.ar\/index.php\/wp-json\/wp\/v2\/comments?post=2205"}],"version-history":[{"count":1,"href":"https:\/\/elfaroonline.com.ar\/index.php\/wp-json\/wp\/v2\/posts\/2205\/revisions"}],"predecessor-version":[{"id":2207,"href":"https:\/\/elfaroonline.com.ar\/index.php\/wp-json\/wp\/v2\/posts\/2205\/revisions\/2207"}],"wp:featuredmedia":[{"embeddable":true,"href":"https:\/\/elfaroonline.com.ar\/index.php\/wp-json\/wp\/v2\/media\/2206"}],"wp:attachment":[{"href":"https:\/\/elfaroonline.com.ar\/index.php\/wp-json\/wp\/v2\/media?parent=2205"}],"wp:term":[{"taxonomy":"category","embeddable":true,"href":"https:\/\/elfaroonline.com.ar\/index.php\/wp-json\/wp\/v2\/categories?post=2205"},{"taxonomy":"post_tag","embeddable":true,"href":"https:\/\/elfaroonline.com.ar\/index.php\/wp-json\/wp\/v2\/tags?post=2205"}],"curies":[{"name":"wp","href":"https:\/\/api.w.org\/{rel}","templated":true}]}}