{"id":2208,"date":"2024-09-11T20:55:44","date_gmt":"2024-09-11T23:55:44","guid":{"rendered":"https:\/\/elfaroonline.com.ar\/?p=2208"},"modified":"2024-09-11T20:55:44","modified_gmt":"2024-09-11T23:55:44","slug":"murio-alberto-fujimori-expresidente-de-peru-a-los-86-anos","status":"publish","type":"post","link":"https:\/\/elfaroonline.com.ar\/index.php\/2024\/09\/11\/murio-alberto-fujimori-expresidente-de-peru-a-los-86-anos\/","title":{"rendered":"Muri\u00f3 Alberto Fujimori, expresidente de Per\u00fa, a los 86 a\u00f1os"},"content":{"rendered":"<p>El exmandatario <b>Alberto Fujimori<\/b> falleci\u00f3 este <b>mi\u00e9rcoles 11 de septiembre<\/b>. Su deceso se produjo en la casa de su hija Keiko, en el distrito de San Borja, meses despu\u00e9s de haber recuperado su libertad. El hombre que gobern\u00f3 el Per\u00fa entre 1990 y 2000 sufri\u00f3 diversas complicaciones m\u00e9dicas desde que ingres\u00f3 a la c\u00e1rcel a mediados de 2007. El exdictador fue beneficiado con un indulto humanitario durante el gobierno de Pedro Pablo Kuczynski, pero regres\u00f3 a prisi\u00f3n por las presuntas irregularidades en el proceso. A finales de 2023, el Tribunal Constitucional lo dej\u00f3 en libertad.<\/p>\n<p>La familia del exmandatario confirm\u00f3 el deceso del l\u00edder hist\u00f3rico del fujimorismo. Este gozaba de libertad desde finales del 2023.<\/p>\n<p>Pasadas las 18 horas, el abogado de Alberto Fujimori, Elio Riera, emiti\u00f3 un mensaje en X donde comunicaba el fallecimiento del expresidente. Minutos despu\u00e9s, Keiko Fujimori se encarg\u00f3 de dar a conocer lo ocurrido tambi\u00e9n por sus redes sociales.<\/p>\n<div class=\"body-blogging-article body-blogging-article-title\">\n<h2 id=\"primer-gobierno-de-alberto-fujimori\" class=\"header body-blogging-sub-header\">Primer gobierno de Alberto Fujimori<\/h2>\n<\/div>\n<div class=\"body-blogging-article \">\n<p class=\"paragraph\">El inicio de su gobierno fue en 1990 cuando venci\u00f3 al partido Movimiento Libertad del escritor <b>Mario Vargas Llosa, <\/b>quien en 2010 obtuvo el premio Nobel de Literatura. Hered\u00f3 un pa\u00eds afectado por la hipeirnflanci\u00f3n que caracteriz\u00f3 el primer gobierno del expresidente Alan Garc\u00eda y sumido en caos debido a los terroristas de <b>Sendero Luminoso<\/b> y el <b>Movimiento Revolucionario T\u00fapac Amaru (MRTA). <\/b>Su gobierno estuvo marcado por el autoritarismo y la corrupci\u00f3n.<\/p>\n<\/div>\n<div class=\"body-blogging-article \">\n<p class=\"paragraph\">Es considerado <b>el s\u00e9ptimo mandatario m\u00e1s corrupto entre los diez jefes de Estado m\u00e1s corruptos<\/b>, de acuerdo con el Informe Global sobre la Corrupci\u00f3n 2004 que fue elaborado por la ONG Transparencia Internacional. La entidad internacional estim\u00f3 que Fujimori Fujimori hab\u00eda robado durante su gobierno aproximadamente 600 millones de d\u00f3lares.<\/p>\n<div class=\"body-blogging-article \">\n<p class=\"paragraph\">Amado por muchos y odiados por otros -hay un colectivo que se llama Fujimori Nunca M\u00e1s- en 2009 <b>fue condenado a 25 a\u00f1os <\/b>de prisi\u00f3n considerado como autor mediato de homicidio calificado con alevos\u00eda, lesiones graves y secuestro agravado en las <b>matanzas de Barrios Altos, La Cantuta y los secuestros del periodista Gustavo Gorriti y el empresario Samuel Dyer.<\/b><\/p>\n<\/div>\n<div class=\"body-blogging-article \">\n<p class=\"paragraph\">El 5 de abril de 1992 dio el autogolpe de Estado con la ayuda del Ej\u00e9rcito y asesorado por <b>Vladimiro Montesinos<\/b>: cerr\u00f3 el Congreso de la Rep\u00fablica y tom\u00f3 las sedes judiciales, las cuales no eran controladas por el Ejecutivo, algo que cambi\u00f3 con su llegada y con una nueva Constituci\u00f3n. Fue reelegido en 1995.<\/p>\n<\/div>\n<\/div>\n","protected":false},"excerpt":{"rendered":"<p>El exmandatario Alberto Fujimori falleci\u00f3 este mi\u00e9rcoles 11 de septiembre. Su deceso se produjo en la casa de su hija Keiko, en el distrito de San Borja, meses despu\u00e9s de haber recuperado su libertad. El hombre que gobern\u00f3 el Per\u00fa entre 1990 y 2000 sufri\u00f3 diversas complicaciones m\u00e9dicas desde que ingres\u00f3 a la c\u00e1rcel a [&hellip;]<\/p>\n","protected":false},"author":2,"featured_media":2209,"comment_status":"open","ping_status":"open","sticky":false,"template":"","format":"standard","meta":{"footnotes":""},"categories":[24],"tags":[],"class_list":{"0":"post-2208","1":"post","2":"type-post","3":"status-publish","4":"format-standard","5":"has-post-thumbnail","7":"category-mundo"},"aioseo_notices":[],"_links":{"self":[{"href":"https:\/\/elfaroonline.com.ar\/index.php\/wp-json\/wp\/v2\/posts\/2208","targetHints":{"allow":["GET"]}}],"collection":[{"href":"https:\/\/elfaroonline.com.ar\/index.php\/wp-json\/wp\/v2\/posts"}],"about":[{"href":"https:\/\/elfaroonline.com.ar\/index.php\/wp-json\/wp\/v2\/types\/post"}],"author":[{"embeddable":true,"href":"https:\/\/elfaroonline.com.ar\/index.php\/wp-json\/wp\/v2\/users\/2"}],"replies":[{"embeddable":true,"href":"https:\/\/elfaroonline.com.ar\/index.php\/wp-json\/wp\/v2\/comments?post=2208"}],"version-history":[{"count":1,"href":"https:\/\/elfaroonline.com.ar\/index.php\/wp-json\/wp\/v2\/posts\/2208\/revisions"}],"predecessor-version":[{"id":2210,"href":"https:\/\/elfaroonline.com.ar\/index.php\/wp-json\/wp\/v2\/posts\/2208\/revisions\/2210"}],"wp:featuredmedia":[{"embeddable":true,"href":"https:\/\/elfaroonline.com.ar\/index.php\/wp-json\/wp\/v2\/media\/2209"}],"wp:attachment":[{"href":"https:\/\/elfaroonline.com.ar\/index.php\/wp-json\/wp\/v2\/media?parent=2208"}],"wp:term":[{"taxonomy":"category","embeddable":true,"href":"https:\/\/elfaroonline.com.ar\/index.php\/wp-json\/wp\/v2\/categories?post=2208"},{"taxonomy":"post_tag","embeddable":true,"href":"https:\/\/elfaroonline.com.ar\/index.php\/wp-json\/wp\/v2\/tags?post=2208"}],"curies":[{"name":"wp","href":"https:\/\/api.w.org\/{rel}","templated":true}]}}