{"id":2217,"date":"2024-09-11T21:30:09","date_gmt":"2024-09-12T00:30:09","guid":{"rendered":"https:\/\/elfaroonline.com.ar\/?p=2217"},"modified":"2024-09-11T21:30:09","modified_gmt":"2024-09-12T00:30:09","slug":"con-gran-concurrencia-culmino-el-2do-congreso-nacional-penal-adolescente-y-juvenil","status":"publish","type":"post","link":"https:\/\/elfaroonline.com.ar\/index.php\/2024\/09\/11\/con-gran-concurrencia-culmino-el-2do-congreso-nacional-penal-adolescente-y-juvenil\/","title":{"rendered":"Con gran concurrencia culmin\u00f3 el 2do Congreso Nacional Penal Adolescente y Juvenil"},"content":{"rendered":"<p>Con exposiciones de gran relevancia y un cierre emotivo culmin\u00f3 este mi\u00e9rcoles el II Congreso Nacional Penal Adolescente y Juvenil organizado por el Poder Judicial de Catamarca que se desarroll\u00f3 en el Predio Ferial durante dos jornadas intensas.<\/p>\n<p>Durante este mi\u00e9rcoles, los paneles contaron con referentes como Marisa Graham (Defensora Nacional de Ni\u00f1os,Ni\u00f1as y Adolescentes), quien tuvo como moderadora a la ministra de la Corte, Dra. Rita Ver\u00f3nica Salda\u00f1o, Germ\u00e1n Mart\u00edn Aimar (Fiscal de Delitos Juveniles de Neuqu\u00e9n), la Dra. Ileana Beneditto, Hern\u00e1n Navarro (fundador y presidente de Grooming Argentina), Silvana Adalid Jarzynski (CAD), Emilia Farran Ahun, integrantes del Cuerpo Interdisciplinario Forense de Catamarca, Kevin Lehmann (Responsable de comunicaci\u00f3n de la Federaci\u00f3n Argentina de la Magistratura y la Funci\u00f3n Judicial), Leonardo Altamirano (Oficina de Prensa TSJ C\u00f3rdoba), Basi Vel\u00e1zquez (periodista local), Marta Pascual y Paula Eichel, Mariana Caratozzolo (Defensora de Menores de Rosario), Dolores Aguirre Guarrochena (Jueza de menores de Rosario), Gabriel Fajardo (Capacitaci\u00f3n Penitenciaria de Santa Fe) y Alejandro Morlachetti (UNICEF).<\/p>\n<p>Adem\u00e1s, la familia Villarreal oriunda de C\u00f3rdoba, cont\u00f3 su experiencia en la que uno de sus integrantes fue asesinado durante un robo. Ellos manifestaron que a pesar del trauma vivido no se legisle la baja en la edad de imputabilidad.<\/p>\n","protected":false},"excerpt":{"rendered":"<p>Con exposiciones de gran relevancia y un cierre emotivo culmin\u00f3 este mi\u00e9rcoles el II Congreso Nacional Penal Adolescente y Juvenil organizado por el Poder Judicial de Catamarca que se desarroll\u00f3 en el Predio Ferial durante dos jornadas intensas. Durante este mi\u00e9rcoles, los paneles contaron con referentes como Marisa Graham (Defensora Nacional de Ni\u00f1os,Ni\u00f1as y Adolescentes), [&hellip;]<\/p>\n","protected":false},"author":2,"featured_media":2218,"comment_status":"open","ping_status":"open","sticky":false,"template":"","format":"standard","meta":{"footnotes":""},"categories":[27],"tags":[],"class_list":{"0":"post-2217","1":"post","2":"type-post","3":"status-publish","4":"format-standard","5":"has-post-thumbnail","7":"category-policiales"},"aioseo_notices":[],"_links":{"self":[{"href":"https:\/\/elfaroonline.com.ar\/index.php\/wp-json\/wp\/v2\/posts\/2217","targetHints":{"allow":["GET"]}}],"collection":[{"href":"https:\/\/elfaroonline.com.ar\/index.php\/wp-json\/wp\/v2\/posts"}],"about":[{"href":"https:\/\/elfaroonline.com.ar\/index.php\/wp-json\/wp\/v2\/types\/post"}],"author":[{"embeddable":true,"href":"https:\/\/elfaroonline.com.ar\/index.php\/wp-json\/wp\/v2\/users\/2"}],"replies":[{"embeddable":true,"href":"https:\/\/elfaroonline.com.ar\/index.php\/wp-json\/wp\/v2\/comments?post=2217"}],"version-history":[{"count":1,"href":"https:\/\/elfaroonline.com.ar\/index.php\/wp-json\/wp\/v2\/posts\/2217\/revisions"}],"predecessor-version":[{"id":2219,"href":"https:\/\/elfaroonline.com.ar\/index.php\/wp-json\/wp\/v2\/posts\/2217\/revisions\/2219"}],"wp:featuredmedia":[{"embeddable":true,"href":"https:\/\/elfaroonline.com.ar\/index.php\/wp-json\/wp\/v2\/media\/2218"}],"wp:attachment":[{"href":"https:\/\/elfaroonline.com.ar\/index.php\/wp-json\/wp\/v2\/media?parent=2217"}],"wp:term":[{"taxonomy":"category","embeddable":true,"href":"https:\/\/elfaroonline.com.ar\/index.php\/wp-json\/wp\/v2\/categories?post=2217"},{"taxonomy":"post_tag","embeddable":true,"href":"https:\/\/elfaroonline.com.ar\/index.php\/wp-json\/wp\/v2\/tags?post=2217"}],"curies":[{"name":"wp","href":"https:\/\/api.w.org\/{rel}","templated":true}]}}