{"id":2220,"date":"2024-09-13T07:23:29","date_gmt":"2024-09-13T10:23:29","guid":{"rendered":"https:\/\/elfaroonline.com.ar\/?p=2220"},"modified":"2024-09-13T07:23:29","modified_gmt":"2024-09-13T10:23:29","slug":"buenos-aires-y-catamarca-renuevan-el-compromiso-de-colaboracion-academica","status":"publish","type":"post","link":"https:\/\/elfaroonline.com.ar\/index.php\/2024\/09\/13\/buenos-aires-y-catamarca-renuevan-el-compromiso-de-colaboracion-academica\/","title":{"rendered":"Buenos Aires y Catamarca renuevan el compromiso de colaboraci\u00f3n acad\u00e9mica"},"content":{"rendered":"<p class=\"v1MsoNormal\">En Casa de Gobierno, el gobernador Ra\u00fal Jalil, junto al asesor General de Gobierno de Catamarca, Nicol\u00e1s Rosales Matienzo, recibi\u00f3 al asesor General de Gobierno de Buenos Aires, Santiago P\u00e9rez Teruel. En la oportunidad, ambos asesores renovaron un convenio de colaboraci\u00f3n acad\u00e9mica.<\/p>\n<p class=\"v1MsoNormal\">Este acuerdo tiene como objetivo optimizar recursos y una gesti\u00f3n administrativa m\u00e1s eficiente. A tal fin, las Asesor\u00edas Generales de Gobierno (AGG) acordaron brindarse apoyo mutuo a trav\u00e9s del intercambio de informaci\u00f3n y doctrina jur\u00eddica y servicios de capacitaci\u00f3n y formaci\u00f3n de los abogados y abogadas del Estado a efectos de mejorar el desempe\u00f1o de la gesti\u00f3n jur\u00eddica de la Administraci\u00f3n P\u00fablica de cada provincia.<\/p>\n<p class=\"v1MsoNormal\">En 2022, Catamarca y Buenos Aires, a trav\u00e9s de sus respectivas AGG, rubricaron un convenio de colaboraci\u00f3n acad\u00e9mica. El prop\u00f3sito consist\u00eda en articular programas y acciones entre s\u00ed en aras de perfeccionar los mecanismos de asistencia jur\u00eddica. Al mismo tiempo, lo lograba el afianzamiento de los v\u00ednculos federales que fortalecen la institucionalidad.<\/p>\n<p class=\"v1MsoNormal\">Con la nueva r\u00fabrica del acuerdo de colaboraci\u00f3n mutua, se renueva el compromiso entre ambas Asesor\u00edas, en miras a delimitar los alcances de los programas, cursos, y capacitaciones a desarrollar. As\u00ed, se podr\u00e1n dise\u00f1ar y ejecutar en conjunto programas de formaci\u00f3n, cursos y dem\u00e1s actividades de capacitaci\u00f3n y perfeccionamiento para el ejercicio de la Abogac\u00eda del Estado; brindar una formaci\u00f3n integral y profunda sobre materias de derecho p\u00fablico afines a los requerimientos del Estado moderno, que integre el conjunto de valores que hacen a la esencia del Estado de Derecho; cooperar con los conocimientos, informaci\u00f3n y habilidades de los abogados y las abogadas que desarrollan sus actividades profesionales en los organismos y promover proyectos de investigaci\u00f3n que tengan relevancia para la Abogac\u00eda de la Administraci\u00f3n Provincial.<\/p>\n<p class=\"v1MsoNormal\">Adem\u00e1s, se prev\u00e9 que a trav\u00e9s de las respectivas Escuelas de Abogac\u00eda se desarrollen actividades conjuntas de capacitaci\u00f3n, formaci\u00f3n, cursos, jornadas y encuentros de \u00edndole jur\u00eddica para los abogados y abogadas de las respectivas provincias.<\/p>\n<p class=\"v1MsoNormal\">Por su parte, la Provincia de Buenos Aires se comprometi\u00f3 a brindar asesoramiento y asistencia t\u00e9cnica relacionada con la experiencia recogida en la implementaci\u00f3n del programa &#8216;Proyecto 0&#8217;. De este modo, se incorporaron herramientas de inteligencia artificial para la gesti\u00f3n de la informaci\u00f3n jur\u00eddica y al proceso de certificaci\u00f3n de calidad llevado a cabo por la Asesor\u00eda General de Gobierno, en miras a colaborar en la optimizaci\u00f3n de las tareas de asesoramiento jur\u00eddico.<\/p>\n","protected":false},"excerpt":{"rendered":"<p>En Casa de Gobierno, el gobernador Ra\u00fal Jalil, junto al asesor General de Gobierno de Catamarca, Nicol\u00e1s Rosales Matienzo, recibi\u00f3 al asesor General de Gobierno de Buenos Aires, Santiago P\u00e9rez Teruel. En la oportunidad, ambos asesores renovaron un convenio de colaboraci\u00f3n acad\u00e9mica. Este acuerdo tiene como objetivo optimizar recursos y una gesti\u00f3n administrativa m\u00e1s eficiente. [&hellip;]<\/p>\n","protected":false},"author":2,"featured_media":2221,"comment_status":"open","ping_status":"open","sticky":false,"template":"","format":"standard","meta":{"footnotes":""},"categories":[23,21],"tags":[],"class_list":{"0":"post-2220","1":"post","2":"type-post","3":"status-publish","4":"format-standard","5":"has-post-thumbnail","7":"category-destacados","8":"category-politica"},"aioseo_notices":[],"_links":{"self":[{"href":"https:\/\/elfaroonline.com.ar\/index.php\/wp-json\/wp\/v2\/posts\/2220","targetHints":{"allow":["GET"]}}],"collection":[{"href":"https:\/\/elfaroonline.com.ar\/index.php\/wp-json\/wp\/v2\/posts"}],"about":[{"href":"https:\/\/elfaroonline.com.ar\/index.php\/wp-json\/wp\/v2\/types\/post"}],"author":[{"embeddable":true,"href":"https:\/\/elfaroonline.com.ar\/index.php\/wp-json\/wp\/v2\/users\/2"}],"replies":[{"embeddable":true,"href":"https:\/\/elfaroonline.com.ar\/index.php\/wp-json\/wp\/v2\/comments?post=2220"}],"version-history":[{"count":1,"href":"https:\/\/elfaroonline.com.ar\/index.php\/wp-json\/wp\/v2\/posts\/2220\/revisions"}],"predecessor-version":[{"id":2222,"href":"https:\/\/elfaroonline.com.ar\/index.php\/wp-json\/wp\/v2\/posts\/2220\/revisions\/2222"}],"wp:featuredmedia":[{"embeddable":true,"href":"https:\/\/elfaroonline.com.ar\/index.php\/wp-json\/wp\/v2\/media\/2221"}],"wp:attachment":[{"href":"https:\/\/elfaroonline.com.ar\/index.php\/wp-json\/wp\/v2\/media?parent=2220"}],"wp:term":[{"taxonomy":"category","embeddable":true,"href":"https:\/\/elfaroonline.com.ar\/index.php\/wp-json\/wp\/v2\/categories?post=2220"},{"taxonomy":"post_tag","embeddable":true,"href":"https:\/\/elfaroonline.com.ar\/index.php\/wp-json\/wp\/v2\/tags?post=2220"}],"curies":[{"name":"wp","href":"https:\/\/api.w.org\/{rel}","templated":true}]}}