{"id":2226,"date":"2024-09-13T07:24:19","date_gmt":"2024-09-13T10:24:19","guid":{"rendered":"https:\/\/elfaroonline.com.ar\/?p=2226"},"modified":"2024-09-13T07:24:19","modified_gmt":"2024-09-13T10:24:19","slug":"santa-maria-es-el-cuarto-municipio-en-adherirse-al-consenso-fiscal","status":"publish","type":"post","link":"https:\/\/elfaroonline.com.ar\/index.php\/2024\/09\/13\/santa-maria-es-el-cuarto-municipio-en-adherirse-al-consenso-fiscal\/","title":{"rendered":"Santa Mar\u00eda es el cuarto municipio en adherirse al Consenso Fiscal"},"content":{"rendered":"<p class=\"v1MsoNormal\">El gobernador Ra\u00fal Jalil y la intendenta de Santa Mar\u00eda, Erika Inga, firmaron la adhesi\u00f3n del municipio al Consenso Fiscal impulsado por el Gobierno provincial, y que tiene como objetivos lograr el equilibrio fiscal en las distintas jurisdicciones de la provincia, potenciar la autonom\u00eda municipal y modernizar los sistemas de administraci\u00f3n y transparencia.<\/p>\n<p class=\"v1MsoNormal\">De esta manera, Santa Mar\u00eda se convierte en el cuarto municipio de Catamarca en sumarse a este acuerdo, tras la adhesi\u00f3n de Pom\u00e1n, Los Altos y Londres.<\/p>\n<p class=\"v1MsoNormal\">Por otra parte, en el encuentro, el Gobernador y la intendenta dialogaron sobre el avance de diversas obras de infraestructura que se ejecutan en el departamento de Santa Mar\u00eda, como el puente sobre el r\u00edo Santa Mar\u00eda en la intersecci\u00f3n Las Mojarras-Monumento Pachamama, la construcci\u00f3n de la escuela t\u00e9cnica, entre otras obras que buscan mejorar la calidad de vida de los santamarianos.<\/p>\n<p class=\"v1MsoNormal\">Durante la r\u00fabrica estuvieron presentes el ministro de Gobierno, Justicia y Derechos Humanos, Fernando \u00c1vila, y la ministra de Econom\u00eda, Alejandra Nazareno.<\/p>\n","protected":false},"excerpt":{"rendered":"<p>El gobernador Ra\u00fal Jalil y la intendenta de Santa Mar\u00eda, Erika Inga, firmaron la adhesi\u00f3n del municipio al Consenso Fiscal impulsado por el Gobierno provincial, y que tiene como objetivos lograr el equilibrio fiscal en las distintas jurisdicciones de la provincia, potenciar la autonom\u00eda municipal y modernizar los sistemas de administraci\u00f3n y transparencia. De esta [&hellip;]<\/p>\n","protected":false},"author":2,"featured_media":2227,"comment_status":"open","ping_status":"open","sticky":false,"template":"","format":"standard","meta":{"footnotes":""},"categories":[23,21],"tags":[],"class_list":{"0":"post-2226","1":"post","2":"type-post","3":"status-publish","4":"format-standard","5":"has-post-thumbnail","7":"category-destacados","8":"category-politica"},"aioseo_notices":[],"_links":{"self":[{"href":"https:\/\/elfaroonline.com.ar\/index.php\/wp-json\/wp\/v2\/posts\/2226","targetHints":{"allow":["GET"]}}],"collection":[{"href":"https:\/\/elfaroonline.com.ar\/index.php\/wp-json\/wp\/v2\/posts"}],"about":[{"href":"https:\/\/elfaroonline.com.ar\/index.php\/wp-json\/wp\/v2\/types\/post"}],"author":[{"embeddable":true,"href":"https:\/\/elfaroonline.com.ar\/index.php\/wp-json\/wp\/v2\/users\/2"}],"replies":[{"embeddable":true,"href":"https:\/\/elfaroonline.com.ar\/index.php\/wp-json\/wp\/v2\/comments?post=2226"}],"version-history":[{"count":1,"href":"https:\/\/elfaroonline.com.ar\/index.php\/wp-json\/wp\/v2\/posts\/2226\/revisions"}],"predecessor-version":[{"id":2228,"href":"https:\/\/elfaroonline.com.ar\/index.php\/wp-json\/wp\/v2\/posts\/2226\/revisions\/2228"}],"wp:featuredmedia":[{"embeddable":true,"href":"https:\/\/elfaroonline.com.ar\/index.php\/wp-json\/wp\/v2\/media\/2227"}],"wp:attachment":[{"href":"https:\/\/elfaroonline.com.ar\/index.php\/wp-json\/wp\/v2\/media?parent=2226"}],"wp:term":[{"taxonomy":"category","embeddable":true,"href":"https:\/\/elfaroonline.com.ar\/index.php\/wp-json\/wp\/v2\/categories?post=2226"},{"taxonomy":"post_tag","embeddable":true,"href":"https:\/\/elfaroonline.com.ar\/index.php\/wp-json\/wp\/v2\/tags?post=2226"}],"curies":[{"name":"wp","href":"https:\/\/api.w.org\/{rel}","templated":true}]}}