{"id":2236,"date":"2024-09-13T07:25:18","date_gmt":"2024-09-13T10:25:18","guid":{"rendered":"https:\/\/elfaroonline.com.ar\/?p=2236"},"modified":"2024-09-13T07:25:18","modified_gmt":"2024-09-13T10:25:18","slug":"por-unanimidad-la-legislatura-misionera-expulso-a-german-kiczka","status":"publish","type":"post","link":"https:\/\/elfaroonline.com.ar\/index.php\/2024\/09\/13\/por-unanimidad-la-legislatura-misionera-expulso-a-german-kiczka\/","title":{"rendered":"Por unanimidad, la Legislatura misionera expuls\u00f3 a Germ\u00e1n Kiczka"},"content":{"rendered":"<p>Durante la sesi\u00f3n de este jueves, <b>la Legislatura unicameral misionera resolvi\u00f3 echar de su seno a Germ\u00e1n Kiczka<\/b>. El pleno del cuerpo vot\u00f3 un dictamen que aconsejaba esta salida emitido por\u00a0 la Comisi\u00f3n Investigadora creada a efectos de analizar la conducta del ahora ex diputado que est\u00e1 preso acusado de <b>posesi\u00f3n y distribuci\u00f3n de material de abuso sexual infantil<\/b>.<\/p>\n<p class=\"paragraph\" data-mrf-recirculation=\"Links inline\">La votaci\u00f3n fue <b>por unanimidad <\/b>de los presentes: 38 a 0. Una de las expectativas creadas sobre la sesi\u00f3n de este jueves era saber qu\u00e9 actitud tomar\u00eda <b>Pedro Puerta<\/b>. El hijo del ex gobernador y presidente provisional Ram\u00f3n Puerta compart\u00eda la bancada de Activar con Kiczka. Eran amigos de la juventud y tuvieron varios emprendimientos juntos.<\/p>\n<div class=\"inline ad-wrapper\">\n<div class=\"dfpAd ad-inline\"><\/div>\n<\/div>\n<p class=\"paragraph\" data-mrf-recirculation=\"Links inline\">Puerta, que ven\u00eda participando de las reuniones de comisi\u00f3n donde se analizaba el presupuesto provincial 2025, <b>no se hizo presente en la C\u00e1mara<\/b>. El otro ausente fue el propio Kiczka. Por eso la C\u00e1mara tuvo 38 legisladores presentes sobre un total de 40.<\/p>\n<p class=\"paragraph\" data-mrf-recirculation=\"Links inline\">Cuando se conoci\u00f3 el grado de implicancia de Kiczka en la investigaci\u00f3n por posesi\u00f3n y distribuci\u00f3n de material de abuso sexual infantil, la Legislatura tom\u00f3 tres decisiones concatenadas. <b>Le rechaz\u00f3 la renuncia que hab\u00eda presentado, vot\u00f3 su desafuero para que pueda ser detenido y le suspendi\u00f3 el pago de la dieta que percib\u00eda como diputado<\/b>.<\/p>\n<p class=\"paragraph\" data-mrf-recirculation=\"Links inline\"><b>Con la expulsi\u00f3n, se cerr\u00f3 el c\u00edrculo sobre el dirigente de Activar<\/b>. Tratando de que la sangre no llegue al r\u00edo, Puerta le hab\u00eda pedido la renuncia como apoderado del partido. Pero el esc\u00e1ndalo igual salpic\u00f3 a la fuerza.<\/p>\n<p class=\"paragraph\" data-mrf-recirculation=\"Links inline\">Activar fue parte de Juntos por el Cambio en las elecciones de 2021 y 2023. Pero, <b>tras el triunfo de Javier Milei, Pedro Puerta reposicion\u00f3 el partido en el espacio liberal<\/b>.<\/p>\n<p class=\"paragraph\" data-mrf-recirculation=\"Links inline\">El dictamen votado fue producto de dos proyectos de remoci\u00f3n. Uno fue del oficialismo y el otro de la oposici\u00f3n. Se acord\u00f3 en comisi\u00f3n la salida de Kiczka \u201ca partir de la toma de conocimiento de las constancias judiciales remitidas a esta Comisi\u00f3n se verifica su mala conducta, su inhabilidad moral, la magnitud y la gravedad de sus acciones\u201d.<\/p>\n<p class=\"paragraph\" data-mrf-recirculation=\"Links inline\">El despacho ech\u00f3 mano a los argumentos contenidos en el art\u00edculo 90\u00ba de la Constituci\u00f3n misionera, que indican que ante la mala conducta en el ejercicio de sus funciones y la inhabilidad moral, la Legislatura puede expulsar a un miembro. Tal como manda el apartado, se necesit\u00f3 una mayor\u00eda especial de dos tercios para echar a Kiczka.<\/p>\n<p class=\"paragraph\" data-mrf-recirculation=\"Links inline\">Por corrimiento de la lista votada en el 2021, en lugar del desplazado ingresar\u00e1 el radical Javier Mela. Est\u00e1 previsto que jure y se siente en la banca vacante en la sesi\u00f3n prevista para el 19 de septiembre.<\/p>\n","protected":false},"excerpt":{"rendered":"<p>Durante la sesi\u00f3n de este jueves, la Legislatura unicameral misionera resolvi\u00f3 echar de su seno a Germ\u00e1n Kiczka. El pleno del cuerpo vot\u00f3 un dictamen que aconsejaba esta salida emitido por\u00a0 la Comisi\u00f3n Investigadora creada a efectos de analizar la conducta del ahora ex diputado que est\u00e1 preso acusado de posesi\u00f3n y distribuci\u00f3n de material [&hellip;]<\/p>\n","protected":false},"author":2,"featured_media":2237,"comment_status":"open","ping_status":"open","sticky":false,"template":"","format":"standard","meta":{"footnotes":""},"categories":[22,27],"tags":[],"class_list":{"0":"post-2236","1":"post","2":"type-post","3":"status-publish","4":"format-standard","5":"has-post-thumbnail","7":"category-nacionales","8":"category-policiales"},"aioseo_notices":[],"_links":{"self":[{"href":"https:\/\/elfaroonline.com.ar\/index.php\/wp-json\/wp\/v2\/posts\/2236","targetHints":{"allow":["GET"]}}],"collection":[{"href":"https:\/\/elfaroonline.com.ar\/index.php\/wp-json\/wp\/v2\/posts"}],"about":[{"href":"https:\/\/elfaroonline.com.ar\/index.php\/wp-json\/wp\/v2\/types\/post"}],"author":[{"embeddable":true,"href":"https:\/\/elfaroonline.com.ar\/index.php\/wp-json\/wp\/v2\/users\/2"}],"replies":[{"embeddable":true,"href":"https:\/\/elfaroonline.com.ar\/index.php\/wp-json\/wp\/v2\/comments?post=2236"}],"version-history":[{"count":1,"href":"https:\/\/elfaroonline.com.ar\/index.php\/wp-json\/wp\/v2\/posts\/2236\/revisions"}],"predecessor-version":[{"id":2238,"href":"https:\/\/elfaroonline.com.ar\/index.php\/wp-json\/wp\/v2\/posts\/2236\/revisions\/2238"}],"wp:featuredmedia":[{"embeddable":true,"href":"https:\/\/elfaroonline.com.ar\/index.php\/wp-json\/wp\/v2\/media\/2237"}],"wp:attachment":[{"href":"https:\/\/elfaroonline.com.ar\/index.php\/wp-json\/wp\/v2\/media?parent=2236"}],"wp:term":[{"taxonomy":"category","embeddable":true,"href":"https:\/\/elfaroonline.com.ar\/index.php\/wp-json\/wp\/v2\/categories?post=2236"},{"taxonomy":"post_tag","embeddable":true,"href":"https:\/\/elfaroonline.com.ar\/index.php\/wp-json\/wp\/v2\/tags?post=2236"}],"curies":[{"name":"wp","href":"https:\/\/api.w.org\/{rel}","templated":true}]}}