{"id":2239,"date":"2024-09-13T07:25:36","date_gmt":"2024-09-13T10:25:36","guid":{"rendered":"https:\/\/elfaroonline.com.ar\/?p=2239"},"modified":"2024-09-13T07:25:36","modified_gmt":"2024-09-13T10:25:36","slug":"un-automovilista-perdio-el-control-de-su-auto-y-atropello-a-mas-de-una-decena-de-personas-en-la-ciudad-de-cordoba","status":"publish","type":"post","link":"https:\/\/elfaroonline.com.ar\/index.php\/2024\/09\/13\/un-automovilista-perdio-el-control-de-su-auto-y-atropello-a-mas-de-una-decena-de-personas-en-la-ciudad-de-cordoba\/","title":{"rendered":"Un automovilista perdi\u00f3 el control de su auto y atropell\u00f3 a m\u00e1s de una decena de personas en la Ciudad de C\u00f3rdoba"},"content":{"rendered":"<p>La locura gan\u00f3 las calles del centro de la<b> Ciudad de C\u00f3rdoba<\/b> cuando <b>un automovilista perdi\u00f3 el control de su auto<\/b> y atropell\u00f3 a m\u00e1s de una decena de personas, entre mujeres, hombres y ni\u00f1os, en los 300 metros que recorri\u00f3. Incluso, en la \u00faltima cuadra la hizo por la vereda: hay 15 heridos y, al menos, <b>uno est\u00e1 grave<\/b>. Se trata de una mujer que sufri\u00f3 la amputaci\u00f3n de una pierna. El conductor del coche descontrolado, por su parte, recibi\u00f3 asistencia m\u00e9dica y permanece con <b>custodia policial<\/b>.<br \/>\nLa causa qued\u00f3 en manos del fiscal <b>Jos\u00e9 Bringas<\/b>, de la Fiscal\u00eda de Instrucci\u00f3n del Distrito 1 Turno 6, quien dispuso la <b>aprehensi\u00f3n <\/b>del hombre de 68 a\u00f1os que conduc\u00eda el veh\u00edculo que provoc\u00f3 el grave accidente en pleno centro de la ciudad de C\u00f3rdoba. Podr\u00edan endilgarle el delito de<b> lesiones culposas grav\u00edsimas<\/b>, seg\u00fan fuentes judiciales. Por lo pronto, se investiga si sufri\u00f3 una descompensaci\u00f3n o si su veh\u00edculo tuvo alg\u00fan desperfecto, entre otras hip\u00f3tesis preliminares.<\/p>\n<p>Todo ocurri\u00f3 este jueves en<b> Chacabuco y bulevar Arturo Illia<\/b>. Seg\u00fan fuentes policiales, por causas que se tratan de establecer \u201cse produjo un accidente de tr\u00e1nsito entre varios veh\u00edculos\u201d.<\/p>\n<p>Todos los testigos sindicaban al conductor de un Toyota Corolla como el principal responsable del siniestro vial: no s\u00f3lo embisti\u00f3 varios autos, sino que atropell\u00f3 a m\u00e1s de una decena de transe\u00fantes. En total, fueron 35 las personas afectadas.<\/p>\n<p>Fuentes oficiales indicaron que hubo<b> 15 heridos<\/b>. El director del hospital municipal de Urgencias,<b>Mariano Marino<\/b>, cont\u00f3 a la prensa que en ese centro de salud recibieron a <b>cinco<\/b>, entre ellos <b>una mujer que est\u00e1 grave<\/b>: le amputaron la pierna derecha y sufri\u00f3 fractura de pelvis y traumatismo de cr\u00e1neo. El intendente de C\u00f3rdoba, Daniel Passerini, se hizo presente en el lugar.<\/p>\n<p>Justamente, la Justicia investiga si <b>el conductor se descompens\u00f3<\/b> y eso deriv\u00f3 en que perdiera el control del coche. La obra de boulevard Chacabuco evit\u00f3 que el incidente pasara a mayores.<\/p>\n","protected":false},"excerpt":{"rendered":"<p>La locura gan\u00f3 las calles del centro de la Ciudad de C\u00f3rdoba cuando un automovilista perdi\u00f3 el control de su auto y atropell\u00f3 a m\u00e1s de una decena de personas, entre mujeres, hombres y ni\u00f1os, en los 300 metros que recorri\u00f3. Incluso, en la \u00faltima cuadra la hizo por la vereda: hay 15 heridos y, [&hellip;]<\/p>\n","protected":false},"author":2,"featured_media":2240,"comment_status":"open","ping_status":"open","sticky":false,"template":"","format":"standard","meta":{"footnotes":""},"categories":[22,27],"tags":[],"class_list":{"0":"post-2239","1":"post","2":"type-post","3":"status-publish","4":"format-standard","5":"has-post-thumbnail","7":"category-nacionales","8":"category-policiales"},"aioseo_notices":[],"_links":{"self":[{"href":"https:\/\/elfaroonline.com.ar\/index.php\/wp-json\/wp\/v2\/posts\/2239","targetHints":{"allow":["GET"]}}],"collection":[{"href":"https:\/\/elfaroonline.com.ar\/index.php\/wp-json\/wp\/v2\/posts"}],"about":[{"href":"https:\/\/elfaroonline.com.ar\/index.php\/wp-json\/wp\/v2\/types\/post"}],"author":[{"embeddable":true,"href":"https:\/\/elfaroonline.com.ar\/index.php\/wp-json\/wp\/v2\/users\/2"}],"replies":[{"embeddable":true,"href":"https:\/\/elfaroonline.com.ar\/index.php\/wp-json\/wp\/v2\/comments?post=2239"}],"version-history":[{"count":1,"href":"https:\/\/elfaroonline.com.ar\/index.php\/wp-json\/wp\/v2\/posts\/2239\/revisions"}],"predecessor-version":[{"id":2241,"href":"https:\/\/elfaroonline.com.ar\/index.php\/wp-json\/wp\/v2\/posts\/2239\/revisions\/2241"}],"wp:featuredmedia":[{"embeddable":true,"href":"https:\/\/elfaroonline.com.ar\/index.php\/wp-json\/wp\/v2\/media\/2240"}],"wp:attachment":[{"href":"https:\/\/elfaroonline.com.ar\/index.php\/wp-json\/wp\/v2\/media?parent=2239"}],"wp:term":[{"taxonomy":"category","embeddable":true,"href":"https:\/\/elfaroonline.com.ar\/index.php\/wp-json\/wp\/v2\/categories?post=2239"},{"taxonomy":"post_tag","embeddable":true,"href":"https:\/\/elfaroonline.com.ar\/index.php\/wp-json\/wp\/v2\/tags?post=2239"}],"curies":[{"name":"wp","href":"https:\/\/api.w.org\/{rel}","templated":true}]}}