{"id":2245,"date":"2024-09-16T07:10:32","date_gmt":"2024-09-16T10:10:32","guid":{"rendered":"https:\/\/elfaroonline.com.ar\/?p=2245"},"modified":"2024-09-16T07:10:32","modified_gmt":"2024-09-16T10:10:32","slug":"el-camino-de-chuquisaca-campo-de-piedra-pomez-comienza-a-ser-una-realidad","status":"publish","type":"post","link":"https:\/\/elfaroonline.com.ar\/index.php\/2024\/09\/16\/el-camino-de-chuquisaca-campo-de-piedra-pomez-comienza-a-ser-una-realidad\/","title":{"rendered":"El camino de Chuquisaca-Campo de Piedra P\u00f3mez comienza a ser una realidad"},"content":{"rendered":"<p class=\"v1MsoNormal\">El gobernador Ra\u00fal Jalil, junto al intendente de Fiambal\u00e1, Ra\u00fal Usqueda, parte del equipo de gobierno y vecinos de la zona de Chuquisaca, supervisaron los avances de la obra que conectar\u00e1 Fiambal\u00e1 con Antofagasta de la Sierra.<\/p>\n<p class=\"v1MsoNormal\">El personal de Vialidad Provincial trabaja intensamente en la apertura de la traza de este camino de monta\u00f1a, que es fundamental para mejorar la conectividad entre estas localidades. Hasta el momento, ya se han completado 5 kil\u00f3metros de un total de 25 kil\u00f3metros que corresponden a la zona de cuesta del trayecto. A partir de all\u00ed, el terreno se vuelve m\u00e1s llano, lo que permitir\u00eda acelerar los trabajos de apertura de traza.<\/p>\n<p class=\"v1MsoNormal\">El director de Vialidad Provincial, Fernando Castillo, explic\u00f3 que &#8220;el camino Chuquisaca-Campo de Piedra P\u00f3mez tiene un total de aproximadamente 110 kil\u00f3metros. Estamos trabajando en la zona de cuesta con gran parte de las m\u00e1quinas de Vialidad&#8221;.<\/p>\n<p class=\"v1MsoNormal\">Este proyecto es clave para el desarrollo de la regi\u00f3n, ya que facilitar\u00e1 la comunicaci\u00f3n entre Fiambal\u00e1 y Antofagasta de la Sierra, beneficiando tanto a los habitantes como al sector productivo y tur\u00edstico de la zona.<\/p>\n<p class=\"v1MsoNormal\">Acompa\u00f1aron al gobernador durante el recorrido el vicegobernador Rub\u00e9n Dusso, el ministro de Gobierno, Justicia y Derechos Humanos, Fernando \u00c1vila; la ministra de Trabajo, Planificaci\u00f3n y Recursos Humanos, Ver\u00f3nica Soria; la ministra de Econom\u00eda, Alejandra Nazareno; el ministro de Industria, Comercio y Empleo, Sebasti\u00e1n Caria; los diputados nacionales, Sebasti\u00e1n Noblega y Dante L\u00f3pez Rodr\u00edguez; el CEO de Zijin-Liex, Gao Jianneng, entre otras autoridades.<\/p>\n","protected":false},"excerpt":{"rendered":"<p>El gobernador Ra\u00fal Jalil, junto al intendente de Fiambal\u00e1, Ra\u00fal Usqueda, parte del equipo de gobierno y vecinos de la zona de Chuquisaca, supervisaron los avances de la obra que conectar\u00e1 Fiambal\u00e1 con Antofagasta de la Sierra. El personal de Vialidad Provincial trabaja intensamente en la apertura de la traza de este camino de monta\u00f1a, [&hellip;]<\/p>\n","protected":false},"author":2,"featured_media":2246,"comment_status":"open","ping_status":"open","sticky":false,"template":"","format":"standard","meta":{"footnotes":""},"categories":[23,21],"tags":[],"class_list":{"0":"post-2245","1":"post","2":"type-post","3":"status-publish","4":"format-standard","5":"has-post-thumbnail","7":"category-destacados","8":"category-politica"},"aioseo_notices":[],"_links":{"self":[{"href":"https:\/\/elfaroonline.com.ar\/index.php\/wp-json\/wp\/v2\/posts\/2245","targetHints":{"allow":["GET"]}}],"collection":[{"href":"https:\/\/elfaroonline.com.ar\/index.php\/wp-json\/wp\/v2\/posts"}],"about":[{"href":"https:\/\/elfaroonline.com.ar\/index.php\/wp-json\/wp\/v2\/types\/post"}],"author":[{"embeddable":true,"href":"https:\/\/elfaroonline.com.ar\/index.php\/wp-json\/wp\/v2\/users\/2"}],"replies":[{"embeddable":true,"href":"https:\/\/elfaroonline.com.ar\/index.php\/wp-json\/wp\/v2\/comments?post=2245"}],"version-history":[{"count":2,"href":"https:\/\/elfaroonline.com.ar\/index.php\/wp-json\/wp\/v2\/posts\/2245\/revisions"}],"predecessor-version":[{"id":2281,"href":"https:\/\/elfaroonline.com.ar\/index.php\/wp-json\/wp\/v2\/posts\/2245\/revisions\/2281"}],"wp:featuredmedia":[{"embeddable":true,"href":"https:\/\/elfaroonline.com.ar\/index.php\/wp-json\/wp\/v2\/media\/2246"}],"wp:attachment":[{"href":"https:\/\/elfaroonline.com.ar\/index.php\/wp-json\/wp\/v2\/media?parent=2245"}],"wp:term":[{"taxonomy":"category","embeddable":true,"href":"https:\/\/elfaroonline.com.ar\/index.php\/wp-json\/wp\/v2\/categories?post=2245"},{"taxonomy":"post_tag","embeddable":true,"href":"https:\/\/elfaroonline.com.ar\/index.php\/wp-json\/wp\/v2\/tags?post=2245"}],"curies":[{"name":"wp","href":"https:\/\/api.w.org\/{rel}","templated":true}]}}