{"id":2248,"date":"2024-09-16T07:11:06","date_gmt":"2024-09-16T10:11:06","guid":{"rendered":"https:\/\/elfaroonline.com.ar\/?p=2248"},"modified":"2024-09-16T07:11:06","modified_gmt":"2024-09-16T10:11:06","slug":"el-azud-de-punta-del-agua-a-punto-de-finalizar-para-cambiar-la-produccion-del-norte-de-fiambala","status":"publish","type":"post","link":"https:\/\/elfaroonline.com.ar\/index.php\/2024\/09\/16\/el-azud-de-punta-del-agua-a-punto-de-finalizar-para-cambiar-la-produccion-del-norte-de-fiambala\/","title":{"rendered":"El azud de Punta del Agua, a punto de finalizar para cambiar la producci\u00f3n del norte de Fiambal\u00e1"},"content":{"rendered":"<p class=\"v1MsoNormal\">El gobernador Ra\u00fal Jalil, en su segunda jornada de actividades en el departamento Tinogasta, realiz\u00f3 un recorrido por diversas obras en la jurisdicci\u00f3n municipal, destacando su visita a la obra del azud en Punta del Agua, un proyecto de gran envergadura para la regi\u00f3n. Acompa\u00f1ado por el intendente de Fiambal\u00e1, Ra\u00fal Usqueda, el mandatario supervis\u00f3 los avances de esta iniciativa clave para la gesti\u00f3n de los recursos h\u00eddricos.<\/p>\n<p class=\"v1MsoNormal\">La obra del azud nivelador y acueducto, impulsada por el Gobierno de la provincia, se encuentra en su fase final, habiendo alcanzado un avance del 95%. Marcelo Carrizo, inspector de Aguas de Catamarca, se\u00f1al\u00f3 que restan detalles en la instalaci\u00f3n de ca\u00f1er\u00edas y explic\u00f3 que el proyecto incluye la construcci\u00f3n de un azud nivelador de hormig\u00f3n y un desarenador.<\/p>\n<p class=\"v1MsoNormal\">Financiada con fondos provenientes de la miner\u00eda, esta infraestructura se est\u00e1 desarrollando sobre el R\u00edo Aguas Negras y, en su primera etapa, abastecer\u00e1 de agua a m\u00e1s de 600 hect\u00e1reas. De este total, 200 hect\u00e1reas estar\u00e1n destinadas a peque\u00f1os y medianos productores de Fiambal\u00e1, mientras que el resto beneficiar\u00e1 a emprendimientos y empresas vitivin\u00edcolas.<\/p>\n<p class=\"v1MsoNormal\">El objetivo principal de la obra es optimizar la gesti\u00f3n de los recursos h\u00eddricos y fomentar el desarrollo agr\u00edcola mediante un sistema de riego m\u00e1s eficiente.<\/p>\n<p class=\"v1MsoNormal\">Durante la recorrida, el Gobernador estuvo acompa\u00f1ado por el vicegobernador, Rub\u00e9n Dusso, y varios miembros de su gabinete, incluyendo al ministro de Gobierno, Justicia y Derechos Humanos, Fernando \u00c1vila; la ministra de Trabajo, Planificaci\u00f3n y Recursos Humanos, Ver\u00f3nica Soria; la ministra de Econom\u00eda, Alejandra Nazareno; el ministro de Industria, Comercio y Empleo, Sebasti\u00e1n Caria; y el diputado nacional, Sebasti\u00e1n Noblega, entre otras autoridades provinciales y locales.<\/p>\n","protected":false},"excerpt":{"rendered":"<p>El gobernador Ra\u00fal Jalil, en su segunda jornada de actividades en el departamento Tinogasta, realiz\u00f3 un recorrido por diversas obras en la jurisdicci\u00f3n municipal, destacando su visita a la obra del azud en Punta del Agua, un proyecto de gran envergadura para la regi\u00f3n. Acompa\u00f1ado por el intendente de Fiambal\u00e1, Ra\u00fal Usqueda, el mandatario supervis\u00f3 [&hellip;]<\/p>\n","protected":false},"author":2,"featured_media":2249,"comment_status":"open","ping_status":"open","sticky":false,"template":"","format":"standard","meta":{"footnotes":""},"categories":[20],"tags":[],"class_list":{"0":"post-2248","1":"post","2":"type-post","3":"status-publish","4":"format-standard","5":"has-post-thumbnail","7":"category-sociedad"},"aioseo_notices":[],"_links":{"self":[{"href":"https:\/\/elfaroonline.com.ar\/index.php\/wp-json\/wp\/v2\/posts\/2248","targetHints":{"allow":["GET"]}}],"collection":[{"href":"https:\/\/elfaroonline.com.ar\/index.php\/wp-json\/wp\/v2\/posts"}],"about":[{"href":"https:\/\/elfaroonline.com.ar\/index.php\/wp-json\/wp\/v2\/types\/post"}],"author":[{"embeddable":true,"href":"https:\/\/elfaroonline.com.ar\/index.php\/wp-json\/wp\/v2\/users\/2"}],"replies":[{"embeddable":true,"href":"https:\/\/elfaroonline.com.ar\/index.php\/wp-json\/wp\/v2\/comments?post=2248"}],"version-history":[{"count":2,"href":"https:\/\/elfaroonline.com.ar\/index.php\/wp-json\/wp\/v2\/posts\/2248\/revisions"}],"predecessor-version":[{"id":2282,"href":"https:\/\/elfaroonline.com.ar\/index.php\/wp-json\/wp\/v2\/posts\/2248\/revisions\/2282"}],"wp:featuredmedia":[{"embeddable":true,"href":"https:\/\/elfaroonline.com.ar\/index.php\/wp-json\/wp\/v2\/media\/2249"}],"wp:attachment":[{"href":"https:\/\/elfaroonline.com.ar\/index.php\/wp-json\/wp\/v2\/media?parent=2248"}],"wp:term":[{"taxonomy":"category","embeddable":true,"href":"https:\/\/elfaroonline.com.ar\/index.php\/wp-json\/wp\/v2\/categories?post=2248"},{"taxonomy":"post_tag","embeddable":true,"href":"https:\/\/elfaroonline.com.ar\/index.php\/wp-json\/wp\/v2\/tags?post=2248"}],"curies":[{"name":"wp","href":"https:\/\/api.w.org\/{rel}","templated":true}]}}