{"id":2269,"date":"2024-09-16T07:13:49","date_gmt":"2024-09-16T10:13:49","guid":{"rendered":"https:\/\/elfaroonline.com.ar\/?p=2269"},"modified":"2024-09-16T07:13:49","modified_gmt":"2024-09-16T10:13:49","slug":"causa-adhemar-capital-la-camara-federal-de-tucuman-se-expidio-y-confirmo-procesamientos","status":"publish","type":"post","link":"https:\/\/elfaroonline.com.ar\/index.php\/2024\/09\/16\/causa-adhemar-capital-la-camara-federal-de-tucuman-se-expidio-y-confirmo-procesamientos\/","title":{"rendered":"Causa Adhemar Capital: la C\u00e1mara Federal de Tucum\u00e1n se expidi\u00f3 y confirm\u00f3 procesamientos"},"content":{"rendered":"<p class=\"p1\"><span class=\"s1\">La C\u00e1mara Federal de Tucum\u00e1n en el marco de la causa Adhemar Capital, confirm\u00f3 los procesamientos para los principales involucrados del caso y le imponen un embargo de $600.000 millones de pesos a Edgar Adhemar Bacchiani.<\/span><\/p>\n<p class=\"p1\"><span class=\"s1\">Seg\u00fan esta informaci\u00f3n el juicio contra Bacchiani y el resto de los imputados podr\u00eda ser elevado en breve.<\/span><\/p>\n<p class=\"p1\">El Tribunal no hizo lugar a los recursos de apelaci\u00f3n interpuestos por las defensas de Edgar Adhemar Bacchiani, Jos\u00e9 Armando Blas, Franco Alexis Sarroca, Zaraive Celeste Garc\u00e9s Rusa, Aldana Valeria Donato, Lucas Esteban Retamozo, Iv\u00e1n Gonzalo Segovia, Sof\u00eda Beatriz Pi\u00f1a, Franco Javier Brey y Ernesto Washington Erdbercher Dennet.<br \/>\nParalelamente confirm\u00f3 la resoluci\u00f3n del 6 de octubre de 2023, mediante la cual Bacchiani fue procesado por &#8220;intermediaci\u00f3n financiera no autorizada, en concurso ideal con lavado de activos y defraudaci\u00f3n, todo en concurso real, con asociaci\u00f3n il\u00edcita, en car\u00e1cter de coautor&#8221;.<\/p>\n<p>Jos\u00e9 Armando Blas en su car\u00e1cter de gerente regional continuar\u00e1 detenido con prisi\u00f3n domiciliaria, procesado por &#8220;coautor de intermediaci\u00f3n financiera sin autorizaci\u00f3n agravada, en concurso ideal con lavado de activos y defraudaci\u00f3n, todo en concurso real con asociaci\u00f3n il\u00edcita&#8221;.<\/p>\n<p>A Franco Alexis Sarroca, que oper\u00f3 como gerente de la casa matriz en Catamarca, detenido con prisi\u00f3n domiciliaria por cuestiones de salud, qued\u00f3 procesado como &#8220;coautor del delito intermediaci\u00f3n financiera sin autorizaci\u00f3n agravada, en concurso ideal con lavado de activos y defraudaci\u00f3n, todo en concurso real con asociaci\u00f3n il\u00edcita&#8221;.<\/p>\n<p>En cuanto a Zaraive Celeste Garc\u00e9s Rusa, expareja de Bacchiani y socia minoritaria de la empresa, detenida con prisi\u00f3n domiciliaria con permiso para trabajar, fue procesada como &#8220;coautora del delito intermediaci\u00f3n financiera sin autorizaci\u00f3n agravada, en concurso ideal con lavado de activos y defraudaci\u00f3n, todo en concurso real con asociaci\u00f3n il\u00edcita&#8221;.<\/p>\n<p>Lucas Esteban Retamozo, quien ofici\u00f3 de abogado de la empresa y defensor de Bacchiani en sus causas penales, fue procesado con prisi\u00f3n domiciliaria como &#8220;part\u00edcipe necesario de defraudaci\u00f3n e insolvencia fraudulenta, en concurso real, intermediaci\u00f3n financiera no autorizada agravada, estafa, lavado de activos, insolvencia fraudulenta y asociaci\u00f3n il\u00edcita&#8221;.<\/p>\n<p>La resoluci\u00f3n de la C\u00e1mara de Tucum\u00e1n alcanza tambi\u00e9n a Iv\u00e1n Gonzalo Segovia, Sof\u00eda Esther Aylan, Aldana Valeria Donato, otra expareja de Bacchiani, la abogada Sof\u00eda Beatriz Pi\u00f1a, Pablo Daniel Olmi (due\u00f1o de Fuegolandia), Franco Javier Brey y Ernesto Washington Erdbercher Denett (due\u00f1o de una pa\u00f1alera).<\/p>\n","protected":false},"excerpt":{"rendered":"<p>La C\u00e1mara Federal de Tucum\u00e1n en el marco de la causa Adhemar Capital, confirm\u00f3 los procesamientos para los principales involucrados del caso y le imponen un embargo de $600.000 millones de pesos a Edgar Adhemar Bacchiani. Seg\u00fan esta informaci\u00f3n el juicio contra Bacchiani y el resto de los imputados podr\u00eda ser elevado en breve. El [&hellip;]<\/p>\n","protected":false},"author":2,"featured_media":2270,"comment_status":"open","ping_status":"open","sticky":false,"template":"","format":"standard","meta":{"footnotes":""},"categories":[27],"tags":[],"class_list":{"0":"post-2269","1":"post","2":"type-post","3":"status-publish","4":"format-standard","5":"has-post-thumbnail","7":"category-policiales"},"aioseo_notices":[],"_links":{"self":[{"href":"https:\/\/elfaroonline.com.ar\/index.php\/wp-json\/wp\/v2\/posts\/2269","targetHints":{"allow":["GET"]}}],"collection":[{"href":"https:\/\/elfaroonline.com.ar\/index.php\/wp-json\/wp\/v2\/posts"}],"about":[{"href":"https:\/\/elfaroonline.com.ar\/index.php\/wp-json\/wp\/v2\/types\/post"}],"author":[{"embeddable":true,"href":"https:\/\/elfaroonline.com.ar\/index.php\/wp-json\/wp\/v2\/users\/2"}],"replies":[{"embeddable":true,"href":"https:\/\/elfaroonline.com.ar\/index.php\/wp-json\/wp\/v2\/comments?post=2269"}],"version-history":[{"count":1,"href":"https:\/\/elfaroonline.com.ar\/index.php\/wp-json\/wp\/v2\/posts\/2269\/revisions"}],"predecessor-version":[{"id":2271,"href":"https:\/\/elfaroonline.com.ar\/index.php\/wp-json\/wp\/v2\/posts\/2269\/revisions\/2271"}],"wp:featuredmedia":[{"embeddable":true,"href":"https:\/\/elfaroonline.com.ar\/index.php\/wp-json\/wp\/v2\/media\/2270"}],"wp:attachment":[{"href":"https:\/\/elfaroonline.com.ar\/index.php\/wp-json\/wp\/v2\/media?parent=2269"}],"wp:term":[{"taxonomy":"category","embeddable":true,"href":"https:\/\/elfaroonline.com.ar\/index.php\/wp-json\/wp\/v2\/categories?post=2269"},{"taxonomy":"post_tag","embeddable":true,"href":"https:\/\/elfaroonline.com.ar\/index.php\/wp-json\/wp\/v2\/tags?post=2269"}],"curies":[{"name":"wp","href":"https:\/\/api.w.org\/{rel}","templated":true}]}}