{"id":2287,"date":"2024-09-20T07:22:48","date_gmt":"2024-09-20T10:22:48","guid":{"rendered":"https:\/\/elfaroonline.com.ar\/?p=2287"},"modified":"2024-09-20T07:22:48","modified_gmt":"2024-09-20T10:22:48","slug":"nuevo-espacio-social-el-barrio-alem-tiene-su-primer-centro-vecinal","status":"publish","type":"post","link":"https:\/\/elfaroonline.com.ar\/index.php\/2024\/09\/20\/nuevo-espacio-social-el-barrio-alem-tiene-su-primer-centro-vecinal\/","title":{"rendered":"Nuevo espacio social: el Barrio Alem tiene su primer Centro Vecinal"},"content":{"rendered":"<p class=\"v1MsoNormal\">Qued\u00f3 inaugurado el primer Centro Vecinal del Barrio Alem que permitir\u00e1, entre otros objetivos, poder desarrollar diferentes actividades de contenido social como tambi\u00e9n de apoyo y contenci\u00f3n a dicha comunidad barrial.<\/p>\n<p class=\"v1MsoNormal\">La ceremonia estuvo encabezada por el gobernador Ra\u00fal Jalil; el intendente de la ciudad, Gustavo Saadi; el ministro de de Vivienda y Urbanizaci\u00f3n, Fidel S\u00e1enz; funcionarios provinciales y municipales, adem\u00e1s de invitados especiales y vecinos.<\/p>\n<p class=\"v1MsoNormal\">El flamante edificio del Centro Vecinal del Barrio Alem se encuentra ubicado en la intersecci\u00f3n de calles San Mart\u00edn y Avellaneda y Tula, y posee un sal\u00f3n de Usos M\u00faltiples, adem\u00e1s de ampliaci\u00f3n y equipamiento en ba\u00f1os y cocina. Estas obras de infraestructura posibilitar\u00e1n desplegar diferentes actividades en beneficio de los vecinos del barrio Los Ejidos.<\/p>\n<p class=\"v1MsoNormal\">En la oportunidad, el ministro S\u00e1enz destac\u00f3 el constante trabajo y gestiones llevadas a cabo por los vecinos, como tambi\u00e9n &#8220;el apoyo del Gobernador Ra\u00fal Jalil y del intendente Saadi para facilitar los elementos indispensables y poder materializar esta obra y que los vecinos cuenten, de ahora en m\u00e1s, con un hermoso lugar de encuentro&#8221;.<\/p>\n<p class=\"v1MsoNormal\">Por su parte, el concejal Gustavo Fr\u00edas expres\u00f3 su satisfacci\u00f3n por los trabajos que se habilitaron, entendiendo que se trata de &#8220;un d\u00eda especial&#8221; para la Comisi\u00f3n del Centro Vecinal Alem. Y agradeci\u00f3 a las autoridades municipales y provinciales que &#8220;siempre nos acompa\u00f1an y tener hoy esta instituci\u00f3n es visibilizar la intenci\u00f3n del Gobierno provincial de apoyar proyectos de trabajo de contenido social&#8221;.<\/p>\n","protected":false},"excerpt":{"rendered":"<p>Qued\u00f3 inaugurado el primer Centro Vecinal del Barrio Alem que permitir\u00e1, entre otros objetivos, poder desarrollar diferentes actividades de contenido social como tambi\u00e9n de apoyo y contenci\u00f3n a dicha comunidad barrial. La ceremonia estuvo encabezada por el gobernador Ra\u00fal Jalil; el intendente de la ciudad, Gustavo Saadi; el ministro de de Vivienda y Urbanizaci\u00f3n, Fidel [&hellip;]<\/p>\n","protected":false},"author":2,"featured_media":2288,"comment_status":"open","ping_status":"open","sticky":false,"template":"","format":"standard","meta":{"footnotes":""},"categories":[20],"tags":[],"class_list":{"0":"post-2287","1":"post","2":"type-post","3":"status-publish","4":"format-standard","5":"has-post-thumbnail","7":"category-sociedad"},"aioseo_notices":[],"_links":{"self":[{"href":"https:\/\/elfaroonline.com.ar\/index.php\/wp-json\/wp\/v2\/posts\/2287","targetHints":{"allow":["GET"]}}],"collection":[{"href":"https:\/\/elfaroonline.com.ar\/index.php\/wp-json\/wp\/v2\/posts"}],"about":[{"href":"https:\/\/elfaroonline.com.ar\/index.php\/wp-json\/wp\/v2\/types\/post"}],"author":[{"embeddable":true,"href":"https:\/\/elfaroonline.com.ar\/index.php\/wp-json\/wp\/v2\/users\/2"}],"replies":[{"embeddable":true,"href":"https:\/\/elfaroonline.com.ar\/index.php\/wp-json\/wp\/v2\/comments?post=2287"}],"version-history":[{"count":2,"href":"https:\/\/elfaroonline.com.ar\/index.php\/wp-json\/wp\/v2\/posts\/2287\/revisions"}],"predecessor-version":[{"id":2331,"href":"https:\/\/elfaroonline.com.ar\/index.php\/wp-json\/wp\/v2\/posts\/2287\/revisions\/2331"}],"wp:featuredmedia":[{"embeddable":true,"href":"https:\/\/elfaroonline.com.ar\/index.php\/wp-json\/wp\/v2\/media\/2288"}],"wp:attachment":[{"href":"https:\/\/elfaroonline.com.ar\/index.php\/wp-json\/wp\/v2\/media?parent=2287"}],"wp:term":[{"taxonomy":"category","embeddable":true,"href":"https:\/\/elfaroonline.com.ar\/index.php\/wp-json\/wp\/v2\/categories?post=2287"},{"taxonomy":"post_tag","embeddable":true,"href":"https:\/\/elfaroonline.com.ar\/index.php\/wp-json\/wp\/v2\/tags?post=2287"}],"curies":[{"name":"wp","href":"https:\/\/api.w.org\/{rel}","templated":true}]}}