{"id":2290,"date":"2024-09-20T07:23:11","date_gmt":"2024-09-20T10:23:11","guid":{"rendered":"https:\/\/elfaroonline.com.ar\/?p=2290"},"modified":"2024-09-20T07:23:11","modified_gmt":"2024-09-20T10:23:11","slug":"rescataron-un-puma-que-estaba-dentro-de-un-inmueble-en-fiambala","status":"publish","type":"post","link":"https:\/\/elfaroonline.com.ar\/index.php\/2024\/09\/20\/rescataron-un-puma-que-estaba-dentro-de-un-inmueble-en-fiambala\/","title":{"rendered":"Rescataron un puma que estaba dentro de un inmueble en Fiambal\u00e1"},"content":{"rendered":"<p class=\"v1MsoNormal\"><i>Efectivos dependientes del Escuadr\u00f3n 23 &#8220;Tinogasta&#8221; fueron alertados por una llamada telef\u00f3nica, al aproximarse al lugar constataron la presencia del animal en inmediaciones a un dep\u00f3sito de una vivienda.<\/i><\/p>\n<p class=\"v1MsoNormal\"><i>\u00a0<\/i><\/p>\n<p class=\"v1MsoNormal\">A ra\u00edz de una alerta recepcionada por la presencia de <b>un puma dentro de un domicilio<\/b>, personal de la <b>Secci\u00f3n &#8220;Fiambal\u00e1&#8221;<\/b> se traslad\u00f3 ayer hasta el barrio Barranco La Flores a fines de corroborar el hecho.<\/p>\n<p class=\"v1MsoNormal\">Los <b>gendarmes<\/b> observaron que en el interior de una construcci\u00f3n utilizada como dep\u00f3sito hac\u00eda un animal, e inmediatamente tomaron contacto con representantes de Flora y Fauna delegaci\u00f3n local quienes junto a funcionarios de la Polic\u00eda provincial se dieron cita en el inmueble.<\/p>\n<p class=\"v1MsoNormal\"><span lang=\"ES\">\u00a0<\/span><\/p>\n<p class=\"v1MsoNormal\"><span lang=\"ES\">Tras la captura del puma de manera segura y sin causarle da\u00f1o, se traslad\u00f3 el felino a una zona de monte donde fue liberado en su h\u00e1bitat natural, a unos 20 kil\u00f3metros de la zona urbana.<\/span><\/p>\n","protected":false},"excerpt":{"rendered":"<p>Efectivos dependientes del Escuadr\u00f3n 23 &#8220;Tinogasta&#8221; fueron alertados por una llamada telef\u00f3nica, al aproximarse al lugar constataron la presencia del animal en inmediaciones a un dep\u00f3sito de una vivienda. \u00a0 A ra\u00edz de una alerta recepcionada por la presencia de un puma dentro de un domicilio, personal de la Secci\u00f3n &#8220;Fiambal\u00e1&#8221; se traslad\u00f3 ayer hasta [&hellip;]<\/p>\n","protected":false},"author":2,"featured_media":2291,"comment_status":"open","ping_status":"open","sticky":false,"template":"","format":"standard","meta":{"footnotes":""},"categories":[27],"tags":[],"class_list":{"0":"post-2290","1":"post","2":"type-post","3":"status-publish","4":"format-standard","5":"has-post-thumbnail","7":"category-policiales"},"aioseo_notices":[],"_links":{"self":[{"href":"https:\/\/elfaroonline.com.ar\/index.php\/wp-json\/wp\/v2\/posts\/2290","targetHints":{"allow":["GET"]}}],"collection":[{"href":"https:\/\/elfaroonline.com.ar\/index.php\/wp-json\/wp\/v2\/posts"}],"about":[{"href":"https:\/\/elfaroonline.com.ar\/index.php\/wp-json\/wp\/v2\/types\/post"}],"author":[{"embeddable":true,"href":"https:\/\/elfaroonline.com.ar\/index.php\/wp-json\/wp\/v2\/users\/2"}],"replies":[{"embeddable":true,"href":"https:\/\/elfaroonline.com.ar\/index.php\/wp-json\/wp\/v2\/comments?post=2290"}],"version-history":[{"count":2,"href":"https:\/\/elfaroonline.com.ar\/index.php\/wp-json\/wp\/v2\/posts\/2290\/revisions"}],"predecessor-version":[{"id":2332,"href":"https:\/\/elfaroonline.com.ar\/index.php\/wp-json\/wp\/v2\/posts\/2290\/revisions\/2332"}],"wp:featuredmedia":[{"embeddable":true,"href":"https:\/\/elfaroonline.com.ar\/index.php\/wp-json\/wp\/v2\/media\/2291"}],"wp:attachment":[{"href":"https:\/\/elfaroonline.com.ar\/index.php\/wp-json\/wp\/v2\/media?parent=2290"}],"wp:term":[{"taxonomy":"category","embeddable":true,"href":"https:\/\/elfaroonline.com.ar\/index.php\/wp-json\/wp\/v2\/categories?post=2290"},{"taxonomy":"post_tag","embeddable":true,"href":"https:\/\/elfaroonline.com.ar\/index.php\/wp-json\/wp\/v2\/tags?post=2290"}],"curies":[{"name":"wp","href":"https:\/\/api.w.org\/{rel}","templated":true}]}}