{"id":2293,"date":"2024-09-20T07:23:33","date_gmt":"2024-09-20T10:23:33","guid":{"rendered":"https:\/\/elfaroonline.com.ar\/?p=2293"},"modified":"2024-09-20T07:23:33","modified_gmt":"2024-09-20T10:23:33","slug":"acuerdo-entre-gobierno-unca-y-capital-para-desarrollar-aplicacion-de-educacion-alimentaria","status":"publish","type":"post","link":"https:\/\/elfaroonline.com.ar\/index.php\/2024\/09\/20\/acuerdo-entre-gobierno-unca-y-capital-para-desarrollar-aplicacion-de-educacion-alimentaria\/","title":{"rendered":"Acuerdo entre Gobierno, UNCa y Capital para desarrollar aplicaci\u00f3n de Educaci\u00f3n Alimentaria"},"content":{"rendered":"<p class=\"v1MsoNormal\">En un esfuerzo conjunto por promover la educaci\u00f3n alimentaria en adolescentes, el Ministerio de Ciencia e Innovaci\u00f3n Tecnol\u00f3gica, la Universidad Nacional de Catamarca (UNCa) y la Municipalidad de la Capital firmaron un convenio para la ejecuci\u00f3n de un innovador proyecto tecnol\u00f3gico. La iniciativa busca implementar una aplicaci\u00f3n digital que promueva h\u00e1bitos alimentarios saludables entre adolescentes escolarizados de la ciudad capital.<\/p>\n<p class=\"v1MsoNormal\">De la firma del acuerdo particip\u00f3 el gobernador Ra\u00fal Jalil, junto al intendente de la Capital, Gustavo Saadi; el ministro de Ciencia e Innovaci\u00f3n Tecnol\u00f3gica, Isauro Molina y el rector de la UNCa, Oscar Arellano.<\/p>\n<p class=\"v1MsoNormal\">El entendimiento tiene como objetivo principal subvencionar el proyecto &#8220;Cartograf\u00edas Digitales sobre Pr\u00e1cticas Alimentarias de Adolescentes Escolarizados Catamarque\u00f1os&#8221;, mediante el dise\u00f1o de una aplicaci\u00f3n digital que utilizar\u00e1 la gamificaci\u00f3n como herramienta para ense\u00f1ar y concientizar sobre h\u00e1bitos alimentarios saludables.<\/p>\n<p class=\"v1MsoNormal\">El proyecto no solo se limitar\u00e1 a la creaci\u00f3n de la aplicaci\u00f3n, sino que tambi\u00e9n generar\u00e1 insumos \u00fatiles para el dise\u00f1o, evaluaci\u00f3n y seguimiento de pol\u00edticas p\u00fablicas alimentarias, utilizando cartograf\u00eda digital din\u00e1mica para mejorar la toma de decisiones en el \u00e1mbito educativo.<\/p>\n<p class=\"v1MsoNormal\">Se prev\u00e9 un impacto directo en la comunidad educativa, especialmente en los adolescentes, quienes ser\u00e1n los principales beneficiarios de la aplicaci\u00f3n digital dise\u00f1ada para fomentar h\u00e1bitos alimentarios saludables. Adem\u00e1s, los datos generados permitir\u00e1n a las autoridades locales y provinciales tomar decisiones m\u00e1s informadas en la creaci\u00f3n de pol\u00edticas p\u00fablicas alimentarias.<\/p>\n","protected":false},"excerpt":{"rendered":"<p>En un esfuerzo conjunto por promover la educaci\u00f3n alimentaria en adolescentes, el Ministerio de Ciencia e Innovaci\u00f3n Tecnol\u00f3gica, la Universidad Nacional de Catamarca (UNCa) y la Municipalidad de la Capital firmaron un convenio para la ejecuci\u00f3n de un innovador proyecto tecnol\u00f3gico. La iniciativa busca implementar una aplicaci\u00f3n digital que promueva h\u00e1bitos alimentarios saludables entre adolescentes [&hellip;]<\/p>\n","protected":false},"author":2,"featured_media":2294,"comment_status":"open","ping_status":"open","sticky":false,"template":"","format":"standard","meta":{"footnotes":""},"categories":[21],"tags":[],"class_list":{"0":"post-2293","1":"post","2":"type-post","3":"status-publish","4":"format-standard","5":"has-post-thumbnail","7":"category-politica"},"aioseo_notices":[],"_links":{"self":[{"href":"https:\/\/elfaroonline.com.ar\/index.php\/wp-json\/wp\/v2\/posts\/2293","targetHints":{"allow":["GET"]}}],"collection":[{"href":"https:\/\/elfaroonline.com.ar\/index.php\/wp-json\/wp\/v2\/posts"}],"about":[{"href":"https:\/\/elfaroonline.com.ar\/index.php\/wp-json\/wp\/v2\/types\/post"}],"author":[{"embeddable":true,"href":"https:\/\/elfaroonline.com.ar\/index.php\/wp-json\/wp\/v2\/users\/2"}],"replies":[{"embeddable":true,"href":"https:\/\/elfaroonline.com.ar\/index.php\/wp-json\/wp\/v2\/comments?post=2293"}],"version-history":[{"count":1,"href":"https:\/\/elfaroonline.com.ar\/index.php\/wp-json\/wp\/v2\/posts\/2293\/revisions"}],"predecessor-version":[{"id":2295,"href":"https:\/\/elfaroonline.com.ar\/index.php\/wp-json\/wp\/v2\/posts\/2293\/revisions\/2295"}],"wp:featuredmedia":[{"embeddable":true,"href":"https:\/\/elfaroonline.com.ar\/index.php\/wp-json\/wp\/v2\/media\/2294"}],"wp:attachment":[{"href":"https:\/\/elfaroonline.com.ar\/index.php\/wp-json\/wp\/v2\/media?parent=2293"}],"wp:term":[{"taxonomy":"category","embeddable":true,"href":"https:\/\/elfaroonline.com.ar\/index.php\/wp-json\/wp\/v2\/categories?post=2293"},{"taxonomy":"post_tag","embeddable":true,"href":"https:\/\/elfaroonline.com.ar\/index.php\/wp-json\/wp\/v2\/tags?post=2293"}],"curies":[{"name":"wp","href":"https:\/\/api.w.org\/{rel}","templated":true}]}}