{"id":2296,"date":"2024-09-20T07:23:52","date_gmt":"2024-09-20T10:23:52","guid":{"rendered":"https:\/\/elfaroonline.com.ar\/?p=2296"},"modified":"2024-09-20T07:23:52","modified_gmt":"2024-09-20T10:23:52","slug":"el-futbol-femenino-chacarero-inauguro-sus-propias-oficinas","status":"publish","type":"post","link":"https:\/\/elfaroonline.com.ar\/index.php\/2024\/09\/20\/el-futbol-femenino-chacarero-inauguro-sus-propias-oficinas\/","title":{"rendered":"El f\u00fatbol femenino chacarero inaugur\u00f3 sus propias oficinas"},"content":{"rendered":"<p class=\"v1MsoNormal\">El gobernador Ra\u00fal Jalil acompa\u00f1\u00f3 al presidente de la Liga Chacarera, Lucas Cisternas, y a la secretaria general del Departamento de F\u00fatbol Femenino, Stella Nieva, y la intendenta de Valle Viejo, Susana Zenteno, en la inauguraci\u00f3n de las nuevas oficinas dedicadas a esta disciplina deportiva.<\/p>\n<p class=\"v1MsoNormal\">Este nuevo espacio, tras 91 a\u00f1os de existencia de la Liga Chacarera, es un impulso del deporte femenino en el departamento de Valle Viejo y fortalece las acciones que se vienen realizando en cuanto a visibilizar dicho deporte entre mujeres.<\/p>\n<p class=\"v1MsoNormal\">Durante el evento, se destac\u00f3 la importancia de generar espacios de apoyo para las mujeres en el deporte, tanto como forma de desarrollar sus habilidades deportivas, sino tambi\u00e9n como una herramienta para la integraci\u00f3n de mujeres de distintas categor\u00edas que participan en la liga.<\/p>\n<p class=\"v1MsoNormal\">Las oficinas cuentan con un amplio Sal\u00f3n de Usos M\u00faltiples para reuniones y actividades, ba\u00f1os y cocina, donde se podr\u00e1n realizar distintos tr\u00e1mites vinculados con el futbol femenino.<\/p>\n<p class=\"v1MsoNormal\">&#8220;La verdad que hoy estamos inaugurando este espacio f\u00edsico y por ah\u00ed unos creen que es un simple espacio y para nosotros es muy significativo porque no hay solo cuatro paredes, sino que es un lugar de encuentro donde se van a proyectar todas las actividades que hacemos&#8221;, subray\u00f3 Stella Nieva al momento que tambi\u00e9n agradeci\u00f3 a quienes aportaron para la construcci\u00f3n de este espacio y reafirm\u00f3 su compromiso de seguir trabajando en pos de apostar al deporte.<\/p>\n<p class=\"v1MsoNormal\">Por su parte, ante los presentes en el acto inaugural, el ministro de la Vivienda y Urbanizaci\u00f3n, Fidel S\u00e1enz, destac\u00f3 que &#8220;a pesar de la crisis, a pesar de las dificultades del momento econ\u00f3mico que se vive en la Argentina, en Catamarca se ha seguido apostando a la construcci\u00f3n de estos espacios que son lugares de encuentro en la comunidad, donde muchos vecinos vienen a buscar la contenci\u00f3n de un amigo o una mano&#8221;.<\/p>\n<p class=\"v1MsoNormal\">Participaron del acto la presidenta de la C\u00e1mara de Diputados, Paola Fedeli; el ministro de Vivienda y Urbanizaci\u00f3n, Fidel Sa\u00e9nz; la intendenta de Fray Mamerto Esqui\u00fa, Alejandra Benavidez; el secretario de la Vivienda, Daniel Zelaya; el senador por Valle Viejo, Mario Gershani; el diputado Juan Carlos Ledesma, adem\u00e1s de delegados de clubes, deportistas y p\u00fablico en general.<\/p>\n","protected":false},"excerpt":{"rendered":"<p>El gobernador Ra\u00fal Jalil acompa\u00f1\u00f3 al presidente de la Liga Chacarera, Lucas Cisternas, y a la secretaria general del Departamento de F\u00fatbol Femenino, Stella Nieva, y la intendenta de Valle Viejo, Susana Zenteno, en la inauguraci\u00f3n de las nuevas oficinas dedicadas a esta disciplina deportiva. Este nuevo espacio, tras 91 a\u00f1os de existencia de la [&hellip;]<\/p>\n","protected":false},"author":2,"featured_media":2297,"comment_status":"open","ping_status":"open","sticky":false,"template":"","format":"standard","meta":{"footnotes":""},"categories":[25],"tags":[],"class_list":{"0":"post-2296","1":"post","2":"type-post","3":"status-publish","4":"format-standard","5":"has-post-thumbnail","7":"category-deportes"},"aioseo_notices":[],"_links":{"self":[{"href":"https:\/\/elfaroonline.com.ar\/index.php\/wp-json\/wp\/v2\/posts\/2296","targetHints":{"allow":["GET"]}}],"collection":[{"href":"https:\/\/elfaroonline.com.ar\/index.php\/wp-json\/wp\/v2\/posts"}],"about":[{"href":"https:\/\/elfaroonline.com.ar\/index.php\/wp-json\/wp\/v2\/types\/post"}],"author":[{"embeddable":true,"href":"https:\/\/elfaroonline.com.ar\/index.php\/wp-json\/wp\/v2\/users\/2"}],"replies":[{"embeddable":true,"href":"https:\/\/elfaroonline.com.ar\/index.php\/wp-json\/wp\/v2\/comments?post=2296"}],"version-history":[{"count":1,"href":"https:\/\/elfaroonline.com.ar\/index.php\/wp-json\/wp\/v2\/posts\/2296\/revisions"}],"predecessor-version":[{"id":2298,"href":"https:\/\/elfaroonline.com.ar\/index.php\/wp-json\/wp\/v2\/posts\/2296\/revisions\/2298"}],"wp:featuredmedia":[{"embeddable":true,"href":"https:\/\/elfaroonline.com.ar\/index.php\/wp-json\/wp\/v2\/media\/2297"}],"wp:attachment":[{"href":"https:\/\/elfaroonline.com.ar\/index.php\/wp-json\/wp\/v2\/media?parent=2296"}],"wp:term":[{"taxonomy":"category","embeddable":true,"href":"https:\/\/elfaroonline.com.ar\/index.php\/wp-json\/wp\/v2\/categories?post=2296"},{"taxonomy":"post_tag","embeddable":true,"href":"https:\/\/elfaroonline.com.ar\/index.php\/wp-json\/wp\/v2\/tags?post=2296"}],"curies":[{"name":"wp","href":"https:\/\/api.w.org\/{rel}","templated":true}]}}