{"id":2302,"date":"2024-09-20T07:24:35","date_gmt":"2024-09-20T10:24:35","guid":{"rendered":"https:\/\/elfaroonline.com.ar\/?p=2302"},"modified":"2024-09-20T07:24:35","modified_gmt":"2024-09-20T10:24:35","slug":"el-50-de-los-municipios-de-la-provincia-adhirio-al-consenso-fiscal","status":"publish","type":"post","link":"https:\/\/elfaroonline.com.ar\/index.php\/2024\/09\/20\/el-50-de-los-municipios-de-la-provincia-adhirio-al-consenso-fiscal\/","title":{"rendered":"El 50% de los municipios de la provincia adhiri\u00f3 al Consenso Fiscal"},"content":{"rendered":"<p class=\"v1MsoNormal\">Los municipios de distintos puntos de la provincia contin\u00faan adhiriendo al Consejo Fiscal impulsado por el Ejecutivo. En total, 18 de 36 municipios ya pusieron la firma.<\/p>\n<p class=\"v1MsoNormal\">Este mi\u00e9rcoles fue la intendenta Susana Zenteno quien rubric\u00f3 con el gobernador Ra\u00fal Jalil la adhesi\u00f3n de la Municipalidad de Valle Viejo al Consenso Fiscal, que tiene como principales ejes garantizar el equilibrio fiscal de las comunas, mejorar la transparencia en el manejo de los fondos y modernizar los sistemas de administraci\u00f3n p\u00fablica en cada jurisdicci\u00f3n para potenciar las autonom\u00edas municipales.<\/p>\n<p class=\"v1MsoNormal\">En la oportunidad, tambi\u00e9n se formaliz\u00f3 la firma del acta de traspaso del personal docente y no docente a la \u00f3rbita del Ministerio de Educaci\u00f3n. Este paso se realiz\u00f3 tras un exhaustivo an\u00e1lisis y trabajo conjunto entre los Ministerios de Trabajo, Educaci\u00f3n, SIDCA y el municipio, en el cual se estudi\u00f3 caso por caso el traspaso. Como resultado, todo el personal transferido quedar\u00e1 en condiciones de percibir sus haberes en los pr\u00f3ximos d\u00edas.<\/p>\n<p class=\"v1MsoNormal\">En materia de obras, las autoridades confirmaron que la pr\u00f3xima semana se realizar\u00e1 la inauguraci\u00f3n de la nueva Plaza de Villa Dolores, una obra clave para el desarrollo social y urbano del municipio.<\/p>\n","protected":false},"excerpt":{"rendered":"<p>Los municipios de distintos puntos de la provincia contin\u00faan adhiriendo al Consejo Fiscal impulsado por el Ejecutivo. En total, 18 de 36 municipios ya pusieron la firma. Este mi\u00e9rcoles fue la intendenta Susana Zenteno quien rubric\u00f3 con el gobernador Ra\u00fal Jalil la adhesi\u00f3n de la Municipalidad de Valle Viejo al Consenso Fiscal, que tiene como [&hellip;]<\/p>\n","protected":false},"author":2,"featured_media":2303,"comment_status":"open","ping_status":"open","sticky":false,"template":"","format":"standard","meta":{"footnotes":""},"categories":[21],"tags":[],"class_list":{"0":"post-2302","1":"post","2":"type-post","3":"status-publish","4":"format-standard","5":"has-post-thumbnail","7":"category-politica"},"aioseo_notices":[],"_links":{"self":[{"href":"https:\/\/elfaroonline.com.ar\/index.php\/wp-json\/wp\/v2\/posts\/2302","targetHints":{"allow":["GET"]}}],"collection":[{"href":"https:\/\/elfaroonline.com.ar\/index.php\/wp-json\/wp\/v2\/posts"}],"about":[{"href":"https:\/\/elfaroonline.com.ar\/index.php\/wp-json\/wp\/v2\/types\/post"}],"author":[{"embeddable":true,"href":"https:\/\/elfaroonline.com.ar\/index.php\/wp-json\/wp\/v2\/users\/2"}],"replies":[{"embeddable":true,"href":"https:\/\/elfaroonline.com.ar\/index.php\/wp-json\/wp\/v2\/comments?post=2302"}],"version-history":[{"count":1,"href":"https:\/\/elfaroonline.com.ar\/index.php\/wp-json\/wp\/v2\/posts\/2302\/revisions"}],"predecessor-version":[{"id":2304,"href":"https:\/\/elfaroonline.com.ar\/index.php\/wp-json\/wp\/v2\/posts\/2302\/revisions\/2304"}],"wp:featuredmedia":[{"embeddable":true,"href":"https:\/\/elfaroonline.com.ar\/index.php\/wp-json\/wp\/v2\/media\/2303"}],"wp:attachment":[{"href":"https:\/\/elfaroonline.com.ar\/index.php\/wp-json\/wp\/v2\/media?parent=2302"}],"wp:term":[{"taxonomy":"category","embeddable":true,"href":"https:\/\/elfaroonline.com.ar\/index.php\/wp-json\/wp\/v2\/categories?post=2302"},{"taxonomy":"post_tag","embeddable":true,"href":"https:\/\/elfaroonline.com.ar\/index.php\/wp-json\/wp\/v2\/tags?post=2302"}],"curies":[{"name":"wp","href":"https:\/\/api.w.org\/{rel}","templated":true}]}}