{"id":2305,"date":"2024-09-20T07:24:56","date_gmt":"2024-09-20T10:24:56","guid":{"rendered":"https:\/\/elfaroonline.com.ar\/?p=2305"},"modified":"2024-09-20T07:24:56","modified_gmt":"2024-09-20T10:24:56","slug":"importante-empresa-de-la-india-interesada-en-invertir-en-catamarca","status":"publish","type":"post","link":"https:\/\/elfaroonline.com.ar\/index.php\/2024\/09\/20\/importante-empresa-de-la-india-interesada-en-invertir-en-catamarca\/","title":{"rendered":"Importante empresa de la India interesada en invertir en Catamarca"},"content":{"rendered":"<p class=\"v1MsoNormal\">El gobernador Ra\u00fal Jalil, junto al ministro de Miner\u00eda, Marcelo Mur\u00faa, y la presidenta de CAMYEN (Catamarca Minera y Energ\u00e9tica Sociedad del Estado), Susana Peralta, recibi\u00f3 al CEO y Managing director del grupo Skylark, Navneet Pratap, una de las empresas l\u00edderes en infraestructura y miner\u00eda de India.<\/p>\n<p class=\"v1MsoNormal\">En el encuentro se abordaron temas vinculados a la pol\u00edtica minera que lleva adelante la provincia y otros aspectos del desarrollo econ\u00f3mico de Catamarca. La reuni\u00f3n destac\u00f3 el inter\u00e9s del grupo Skylark por los recursos mineros locales y el potencial de la regi\u00f3n en cuanto al recurso de cobre.<\/p>\n<p class=\"v1MsoNormal\">El empresario tiene previsto realizar una visita al interior de la provincia para conocer de cerca las \u00e1reas Filo de las Vicu\u00f1as&#8221; (Fiambal\u00e1, Tinogasta), Cobre CAMYEN y Cobre Antofalla (Antofagasta de la Sierra) y el potencial de recursos mineros con que cuentan estas regiones de Catamarca.<\/p>\n","protected":false},"excerpt":{"rendered":"<p>El gobernador Ra\u00fal Jalil, junto al ministro de Miner\u00eda, Marcelo Mur\u00faa, y la presidenta de CAMYEN (Catamarca Minera y Energ\u00e9tica Sociedad del Estado), Susana Peralta, recibi\u00f3 al CEO y Managing director del grupo Skylark, Navneet Pratap, una de las empresas l\u00edderes en infraestructura y miner\u00eda de India. En el encuentro se abordaron temas vinculados a [&hellip;]<\/p>\n","protected":false},"author":2,"featured_media":2306,"comment_status":"open","ping_status":"open","sticky":false,"template":"","format":"standard","meta":{"footnotes":""},"categories":[20],"tags":[],"class_list":{"0":"post-2305","1":"post","2":"type-post","3":"status-publish","4":"format-standard","5":"has-post-thumbnail","7":"category-sociedad"},"aioseo_notices":[],"_links":{"self":[{"href":"https:\/\/elfaroonline.com.ar\/index.php\/wp-json\/wp\/v2\/posts\/2305","targetHints":{"allow":["GET"]}}],"collection":[{"href":"https:\/\/elfaroonline.com.ar\/index.php\/wp-json\/wp\/v2\/posts"}],"about":[{"href":"https:\/\/elfaroonline.com.ar\/index.php\/wp-json\/wp\/v2\/types\/post"}],"author":[{"embeddable":true,"href":"https:\/\/elfaroonline.com.ar\/index.php\/wp-json\/wp\/v2\/users\/2"}],"replies":[{"embeddable":true,"href":"https:\/\/elfaroonline.com.ar\/index.php\/wp-json\/wp\/v2\/comments?post=2305"}],"version-history":[{"count":1,"href":"https:\/\/elfaroonline.com.ar\/index.php\/wp-json\/wp\/v2\/posts\/2305\/revisions"}],"predecessor-version":[{"id":2307,"href":"https:\/\/elfaroonline.com.ar\/index.php\/wp-json\/wp\/v2\/posts\/2305\/revisions\/2307"}],"wp:featuredmedia":[{"embeddable":true,"href":"https:\/\/elfaroonline.com.ar\/index.php\/wp-json\/wp\/v2\/media\/2306"}],"wp:attachment":[{"href":"https:\/\/elfaroonline.com.ar\/index.php\/wp-json\/wp\/v2\/media?parent=2305"}],"wp:term":[{"taxonomy":"category","embeddable":true,"href":"https:\/\/elfaroonline.com.ar\/index.php\/wp-json\/wp\/v2\/categories?post=2305"},{"taxonomy":"post_tag","embeddable":true,"href":"https:\/\/elfaroonline.com.ar\/index.php\/wp-json\/wp\/v2\/tags?post=2305"}],"curies":[{"name":"wp","href":"https:\/\/api.w.org\/{rel}","templated":true}]}}