{"id":2308,"date":"2024-09-20T07:25:18","date_gmt":"2024-09-20T10:25:18","guid":{"rendered":"https:\/\/elfaroonline.com.ar\/?p=2308"},"modified":"2024-09-20T07:25:18","modified_gmt":"2024-09-20T10:25:18","slug":"santa-maria-se-sumo-al-programa-de-promocion-del-empleo-privado-registrado","status":"publish","type":"post","link":"https:\/\/elfaroonline.com.ar\/index.php\/2024\/09\/20\/santa-maria-se-sumo-al-programa-de-promocion-del-empleo-privado-registrado\/","title":{"rendered":"Santa Mar\u00eda se sum\u00f3 al Programa de Promoci\u00f3n del Empleo Privado Registrado"},"content":{"rendered":"<p class=\"v1MsoNormal\">El municipio firm\u00f3 un convenio con el Ministerio de Trabajo, Planificaci\u00f3n y Recursos Humanos, a trav\u00e9s de la intendenta \u00c9rica Inga y la ministra Ver\u00f3nica Soria, con el prop\u00f3sito de fortalecer la colaboraci\u00f3n entre los sectores p\u00fablico y privado, impulsando el crecimiento del empleo registrado.<\/p>\n<p class=\"v1MsoNormal\">El programa tiene como objetivo incentivar la incorporaci\u00f3n de los beneficiarios del programa municipal de becas al empleo formal, promoviendo una alianza estrat\u00e9gica que fomente el crecimiento laboral y profesional de los catamarque\u00f1os.<\/p>\n<p class=\"v1MsoNormal\">La intendenta destac\u00f3 que este convenio representa una gran oportunidad para los santamarianos incluidos en el sistema de becas, facilitando su acceso a empleos formales. &#8220;Es una opci\u00f3n que ofrecemos a los empleadores, donde el monto de la beca cubre parte del salario&#8221;, afirm\u00f3. Adem\u00e1s, subray\u00f3 que &#8220;en esta primera etapa, se realizar\u00e1n los trabajos previos necesarios para convocar a empresas de diversos sectores productivos de Santa Mar\u00eda, interesadas en aprovechar este programa para fortalecer su planta laboral&#8221;.<\/p>\n<p class=\"v1MsoNormal\">Por su parte, la ministra Soria expres\u00f3: &#8220;Este programa es una herramienta m\u00e1s para seguir fortaleciendo la relaci\u00f3n entre el Gobierno Provincial y el sector privado, fomentando la creaci\u00f3n de empleo formal, donde tambi\u00e9n acompa\u00f1amos con capacitaciones para el desarrollo de habilidades que hoy demanda el mundo laboral&#8221;.<\/p>\n<p class=\"v1MsoNormal\">El Programa de Promoci\u00f3n del Empleo Privado Registrado no solo impulsa la creaci\u00f3n de empleo formal, sino que tambi\u00e9n ofrece un incentivo econ\u00f3mico a las empresas, cubriendo un porcentaje del salario correspondiente a cada categor\u00eda laboral y facilitando de esta manera la incorporaci\u00f3n de personal con el perfil necesario.<\/p>\n","protected":false},"excerpt":{"rendered":"<p>El municipio firm\u00f3 un convenio con el Ministerio de Trabajo, Planificaci\u00f3n y Recursos Humanos, a trav\u00e9s de la intendenta \u00c9rica Inga y la ministra Ver\u00f3nica Soria, con el prop\u00f3sito de fortalecer la colaboraci\u00f3n entre los sectores p\u00fablico y privado, impulsando el crecimiento del empleo registrado. El programa tiene como objetivo incentivar la incorporaci\u00f3n de los [&hellip;]<\/p>\n","protected":false},"author":2,"featured_media":2309,"comment_status":"open","ping_status":"open","sticky":false,"template":"","format":"standard","meta":{"footnotes":""},"categories":[23,20],"tags":[],"class_list":{"0":"post-2308","1":"post","2":"type-post","3":"status-publish","4":"format-standard","5":"has-post-thumbnail","7":"category-destacados","8":"category-sociedad"},"aioseo_notices":[],"_links":{"self":[{"href":"https:\/\/elfaroonline.com.ar\/index.php\/wp-json\/wp\/v2\/posts\/2308","targetHints":{"allow":["GET"]}}],"collection":[{"href":"https:\/\/elfaroonline.com.ar\/index.php\/wp-json\/wp\/v2\/posts"}],"about":[{"href":"https:\/\/elfaroonline.com.ar\/index.php\/wp-json\/wp\/v2\/types\/post"}],"author":[{"embeddable":true,"href":"https:\/\/elfaroonline.com.ar\/index.php\/wp-json\/wp\/v2\/users\/2"}],"replies":[{"embeddable":true,"href":"https:\/\/elfaroonline.com.ar\/index.php\/wp-json\/wp\/v2\/comments?post=2308"}],"version-history":[{"count":1,"href":"https:\/\/elfaroonline.com.ar\/index.php\/wp-json\/wp\/v2\/posts\/2308\/revisions"}],"predecessor-version":[{"id":2310,"href":"https:\/\/elfaroonline.com.ar\/index.php\/wp-json\/wp\/v2\/posts\/2308\/revisions\/2310"}],"wp:featuredmedia":[{"embeddable":true,"href":"https:\/\/elfaroonline.com.ar\/index.php\/wp-json\/wp\/v2\/media\/2309"}],"wp:attachment":[{"href":"https:\/\/elfaroonline.com.ar\/index.php\/wp-json\/wp\/v2\/media?parent=2308"}],"wp:term":[{"taxonomy":"category","embeddable":true,"href":"https:\/\/elfaroonline.com.ar\/index.php\/wp-json\/wp\/v2\/categories?post=2308"},{"taxonomy":"post_tag","embeddable":true,"href":"https:\/\/elfaroonline.com.ar\/index.php\/wp-json\/wp\/v2\/tags?post=2308"}],"curies":[{"name":"wp","href":"https:\/\/api.w.org\/{rel}","templated":true}]}}