{"id":2311,"date":"2024-09-20T07:25:36","date_gmt":"2024-09-20T10:25:36","guid":{"rendered":"https:\/\/elfaroonline.com.ar\/?p=2311"},"modified":"2024-09-20T07:25:36","modified_gmt":"2024-09-20T10:25:36","slug":"el-gobierno-y-gremios-docentes-fijaron-un-nuevo-minimo-salarial","status":"publish","type":"post","link":"https:\/\/elfaroonline.com.ar\/index.php\/2024\/09\/20\/el-gobierno-y-gremios-docentes-fijaron-un-nuevo-minimo-salarial\/","title":{"rendered":"El Gobierno y gremios docentes fijaron un nuevo m\u00ednimo salarial"},"content":{"rendered":"<p class=\"v1MsoNormal\">El gobernador Ra\u00fal Jalil mantuvo una reuni\u00f3n con los gremios docentes de la provincia para establecer un nuevo m\u00ednimo paritario que, en conjunto con el decreto emanado por el Gobierno nacional, se fij\u00f3 en un salario m\u00ednimo de $420.000, el cual ser\u00e1 percibido con el sueldo del mes de septiembre a cobrar en octubre.<\/p>\n<p class=\"v1MsoNormal\">Asimismo, los haberes de septiembre tendr\u00e1n un aumento del 8,4% que corresponde al ajuste bimestral acordado oportunamente entre gobierno y gremios en paritarias.<\/p>\n<p class=\"v1MsoNormal\">En el marco de la reuni\u00f3n, tambi\u00e9n se abord\u00f3 la necesidad de trabajar en conjunto para reorganizar la carga horaria de los docentes, con el fin de concentrarla en un mismo establecimiento educativo. Este esfuerzo tiene como objetivo reducir la movilidad de los docentes entre diferentes instituciones, en pos de mejorar la calidad del proceso educativo.<\/p>\n<p class=\"v1MsoNormal\">En la reuni\u00f3n estuvieron presentes tambi\u00e9n la ministra de Trabajo, Planificaci\u00f3n y Recursos Humanos, Ver\u00f3nica Soria; el ministro de Gobierno, Justicia y Derechos Humanos, Fernando \u00c1vila, y la secretaria de Gesti\u00f3n Educativa, Anah\u00ed Perea. Por parte de los gremios estuvieron el secretario general del SIDCA, Sergio Guillamondegui, la secretaria general de ATECA, Alejandra Reales, y de SADOP, Claudia Besada.<\/p>\n","protected":false},"excerpt":{"rendered":"<p>El gobernador Ra\u00fal Jalil mantuvo una reuni\u00f3n con los gremios docentes de la provincia para establecer un nuevo m\u00ednimo paritario que, en conjunto con el decreto emanado por el Gobierno nacional, se fij\u00f3 en un salario m\u00ednimo de $420.000, el cual ser\u00e1 percibido con el sueldo del mes de septiembre a cobrar en octubre. Asimismo, [&hellip;]<\/p>\n","protected":false},"author":2,"featured_media":2312,"comment_status":"open","ping_status":"open","sticky":false,"template":"","format":"standard","meta":{"footnotes":""},"categories":[23,20],"tags":[],"class_list":{"0":"post-2311","1":"post","2":"type-post","3":"status-publish","4":"format-standard","5":"has-post-thumbnail","7":"category-destacados","8":"category-sociedad"},"aioseo_notices":[],"_links":{"self":[{"href":"https:\/\/elfaroonline.com.ar\/index.php\/wp-json\/wp\/v2\/posts\/2311","targetHints":{"allow":["GET"]}}],"collection":[{"href":"https:\/\/elfaroonline.com.ar\/index.php\/wp-json\/wp\/v2\/posts"}],"about":[{"href":"https:\/\/elfaroonline.com.ar\/index.php\/wp-json\/wp\/v2\/types\/post"}],"author":[{"embeddable":true,"href":"https:\/\/elfaroonline.com.ar\/index.php\/wp-json\/wp\/v2\/users\/2"}],"replies":[{"embeddable":true,"href":"https:\/\/elfaroonline.com.ar\/index.php\/wp-json\/wp\/v2\/comments?post=2311"}],"version-history":[{"count":1,"href":"https:\/\/elfaroonline.com.ar\/index.php\/wp-json\/wp\/v2\/posts\/2311\/revisions"}],"predecessor-version":[{"id":2313,"href":"https:\/\/elfaroonline.com.ar\/index.php\/wp-json\/wp\/v2\/posts\/2311\/revisions\/2313"}],"wp:featuredmedia":[{"embeddable":true,"href":"https:\/\/elfaroonline.com.ar\/index.php\/wp-json\/wp\/v2\/media\/2312"}],"wp:attachment":[{"href":"https:\/\/elfaroonline.com.ar\/index.php\/wp-json\/wp\/v2\/media?parent=2311"}],"wp:term":[{"taxonomy":"category","embeddable":true,"href":"https:\/\/elfaroonline.com.ar\/index.php\/wp-json\/wp\/v2\/categories?post=2311"},{"taxonomy":"post_tag","embeddable":true,"href":"https:\/\/elfaroonline.com.ar\/index.php\/wp-json\/wp\/v2\/tags?post=2311"}],"curies":[{"name":"wp","href":"https:\/\/api.w.org\/{rel}","templated":true}]}}