{"id":232,"date":"2024-04-12T21:33:37","date_gmt":"2024-04-13T00:33:37","guid":{"rendered":"https:\/\/elfaroonline.com.ar\/?p=232"},"modified":"2024-04-12T21:33:37","modified_gmt":"2024-04-13T00:33:37","slug":"catamarca-dice-presente-en-el-festival-internacional-de-cine-de-las-alturas-de-jujuy","status":"publish","type":"post","link":"https:\/\/elfaroonline.com.ar\/index.php\/2024\/04\/12\/catamarca-dice-presente-en-el-festival-internacional-de-cine-de-las-alturas-de-jujuy\/","title":{"rendered":"Catamarca dice presente en el Festival Internacional de Cine de las Alturas de Jujuy"},"content":{"rendered":"<p class=\"v1MsoNormal\">La provincia de Jujuy realiza por estas horas la novena edici\u00f3n del Festival Internacional de Cine de las Alturas que ofrece una oferta cinematogr\u00e1fica de primer nivel.<\/p>\n<p class=\"v1MsoNormal\">El evento contiene una programaci\u00f3n cargada de competencias, secciones paralelas, estrenos, charlas y m\u00fasica en vivo, que sin duda cautiva a los amantes del s\u00e9ptimo arte.<\/p>\n<p class=\"v1MsoNormal\">El Festival Internacional de Cine de las Alturas, es un encuentro con identidad propia que re\u00fane lo mejor de la cinematograf\u00eda andina y que cada a\u00f1o se convierte en el punto de encuentro del sector audiovisual.<\/p>\n<p class=\"v1MsoNormal\">El Festival de Cine de las Alturas brinda un espacio de exhibici\u00f3n \u00fanico para las producciones independientes. Como acontecimiento social y cultural, dinamiza la actividad audiovisual de la provincia y la regi\u00f3n, convocando a los pa\u00edses hermanos que integran el bloque andino; con los que, por identidad \u00e9tnica y proximidad geogr\u00e1fica, se comparten historias, costumbres y<\/p>\n<p class=\"v1MsoNormal\">La Competencia Cortos NOA est\u00e1 conformada por doce cortometrajes del noroeste argentino: entre los que se encuentra, So\u00f1ock alfarero de Federico Abaca de Catamarca, un corto multipremiado de nuestra provincia que tras la presentaci\u00f3n realizada el d\u00eda de ayer jueves recibi\u00f3 los mejores de los aplausos y cr\u00edticas, a los que se sumaron los cortos de, Conf\u00edn de Solana Carlevaris (Tucum\u00e1n); Coral en el Valle de Alejandro Gallo Berm\u00fadez (Salta); Entre \u00e1rboles y puestos de Nahuel Sebasti\u00e1n Mart\u00ednez (Salta); Hermanas del viento de Julia Carrizo (Jujuy); Hilando Poes\u00eda de Irene Boleda (Salta); La balada de la sobreviviente de Esteban David Cortez (Tucum\u00e1n); La quena de Ayel\u00e9n Cabreras Guevara y Jes\u00fas Choqui Chaud (Jujuy); Los anillos de Saturno de Fernando Berm\u00fadez (La Rioja); Los de abajo de Bernab\u00e9 Gallac y Guillermo del Pino (Tucum\u00e1n); Sayani de Luc\u00eda Bernal (Jujuy); y Yo s\u00e9 Vir de Javier Jorge (Jujuy).<\/p>\n<p class=\"v1MsoNormal\">La Competencia Internacional de Largometraje de Ficci\u00f3n incluye obras nacionales como Almamula de Juan Sebasti\u00e1n Torales; Cambio de Lautaro Garc\u00eda Candela; El m\u00e9todo Tangalanga de Mateo Bendesky; Empieza el baile de Marina Seresesky; La leyenda, el c\u00f3ndor ciego de Norman Ruiz y La uruguaya de Ana Garc\u00eda Blaya; e internacionales como 1976 de Manuela Martelli (Chile); La jaur\u00eda de Andr\u00e9s Ram\u00edrez Pulido (Colombia); La pena m\u00e1xima de Michel Gomez (Per\u00fa); La piel pulpo de Ana Cristina Barrag\u00e1n (Ecuador); Los de abajo de Alejandro Quiroga (Bolivia) y One way de Carlos Daniel Malav\u00e9 (Venezuela).<\/p>\n<p class=\"v1MsoNormal\">El festival, que este a\u00f1o cuenta con siete salas en San Salvador de Jujuy y otras cinco distribuidas en distintas localidades de la provincia, tambi\u00e9n ofrece una opci\u00f3n virtual a trav\u00e9s de una sala online, permitiendo a los espectadores de toda la Argentina disfrutar de las proyecciones desde la comodidad de sus hogares. Para ello, simplemente hay que crear un usuario en la plataforma web.<\/p>\n","protected":false},"excerpt":{"rendered":"<p>La provincia de Jujuy realiza por estas horas la novena edici\u00f3n del Festival Internacional de Cine de las Alturas que ofrece una oferta cinematogr\u00e1fica de primer nivel. El evento contiene una programaci\u00f3n cargada de competencias, secciones paralelas, estrenos, charlas y m\u00fasica en vivo, que sin duda cautiva a los amantes del s\u00e9ptimo arte. El Festival [&hellip;]<\/p>\n","protected":false},"author":2,"featured_media":233,"comment_status":"open","ping_status":"open","sticky":false,"template":"","format":"standard","meta":{"footnotes":""},"categories":[20],"tags":[],"class_list":{"0":"post-232","1":"post","2":"type-post","3":"status-publish","4":"format-standard","5":"has-post-thumbnail","7":"category-sociedad"},"aioseo_notices":[],"_links":{"self":[{"href":"https:\/\/elfaroonline.com.ar\/index.php\/wp-json\/wp\/v2\/posts\/232","targetHints":{"allow":["GET"]}}],"collection":[{"href":"https:\/\/elfaroonline.com.ar\/index.php\/wp-json\/wp\/v2\/posts"}],"about":[{"href":"https:\/\/elfaroonline.com.ar\/index.php\/wp-json\/wp\/v2\/types\/post"}],"author":[{"embeddable":true,"href":"https:\/\/elfaroonline.com.ar\/index.php\/wp-json\/wp\/v2\/users\/2"}],"replies":[{"embeddable":true,"href":"https:\/\/elfaroonline.com.ar\/index.php\/wp-json\/wp\/v2\/comments?post=232"}],"version-history":[{"count":1,"href":"https:\/\/elfaroonline.com.ar\/index.php\/wp-json\/wp\/v2\/posts\/232\/revisions"}],"predecessor-version":[{"id":234,"href":"https:\/\/elfaroonline.com.ar\/index.php\/wp-json\/wp\/v2\/posts\/232\/revisions\/234"}],"wp:featuredmedia":[{"embeddable":true,"href":"https:\/\/elfaroonline.com.ar\/index.php\/wp-json\/wp\/v2\/media\/233"}],"wp:attachment":[{"href":"https:\/\/elfaroonline.com.ar\/index.php\/wp-json\/wp\/v2\/media?parent=232"}],"wp:term":[{"taxonomy":"category","embeddable":true,"href":"https:\/\/elfaroonline.com.ar\/index.php\/wp-json\/wp\/v2\/categories?post=232"},{"taxonomy":"post_tag","embeddable":true,"href":"https:\/\/elfaroonline.com.ar\/index.php\/wp-json\/wp\/v2\/tags?post=232"}],"curies":[{"name":"wp","href":"https:\/\/api.w.org\/{rel}","templated":true}]}}