{"id":2320,"date":"2024-09-20T07:26:44","date_gmt":"2024-09-20T10:26:44","guid":{"rendered":"https:\/\/elfaroonline.com.ar\/?p=2320"},"modified":"2024-09-20T07:26:44","modified_gmt":"2024-09-20T10:26:44","slug":"capayan-mas-vecinos-tienen-sus-viviendas-propias-y-las-infancias-su-cdi","status":"publish","type":"post","link":"https:\/\/elfaroonline.com.ar\/index.php\/2024\/09\/20\/capayan-mas-vecinos-tienen-sus-viviendas-propias-y-las-infancias-su-cdi\/","title":{"rendered":"Capay\u00e1n: m\u00e1s vecinos tienen sus viviendas propias y las infancias su CDI"},"content":{"rendered":"<p class=\"v1MsoNormal\">En el marco de una visita al departamento de Capay\u00e1n, el gobernador Ra\u00fal Jalil, junto a los intendentes Alfredo Hoffman (Capay\u00e1n) y Omar Soria (Huillapima), entreg\u00f3 nuevas viviendas y dej\u00f3 inaugurado el Centro de Desarrollo Infantil (CDI).<\/p>\n<p class=\"v1MsoNormal\">En la jornada se entregaron seis viviendas sociales a familias de la regi\u00f3n. Una familia de la localidad de San Mart\u00edn y cinco familias de Nueva Coneta fueron las beneficiarias, recibiendo las llaves de sus nuevos hogares, construidos a trav\u00e9s del Ministerio de Vivienda y Urbanizaci\u00f3n de la provincia.<\/p>\n<p class=\"v1MsoNormal\">Por otra parte, en la localidad de Huillapima, se llev\u00f3 a cabo la inauguraci\u00f3n oficial del Centro de Desarrollo Infantil (CDI). Este espacio, destinado a la atenci\u00f3n de ni\u00f1os y ni\u00f1as hasta tres a\u00f1os, ofrece un entorno seguro y acogedor, brindando actividades educativas y recreativas adaptadas a su desarrollo. El CDI est\u00e1 dise\u00f1ado para proporcionar todas las comodidades necesarias para la contenci\u00f3n y el bienestar de los m\u00e1s peque\u00f1os de la comunidad.<\/p>\n<p class=\"v1MsoNormal\">Eugenia Carrizo, coordinadora del CDI, expres\u00f3 tras la inauguraci\u00f3n que &#8220;quiero agradecerle al Gobernador por este espacio que para todos nosotros era un sue\u00f1o, una ilusi\u00f3n, y hoy es una realidad&#8221;.<\/p>\n<p class=\"v1MsoNormal\">En la recorrida por el departamento de Capay\u00e1n, acompa\u00f1aron al Gobernador los ministros de Vivienda y Urbanizaci\u00f3n, Fidel S\u00e1enz, y de Desarrollo Social, Gonzalo Mascheroni; el diputado nacional, Sebasti\u00e1n N\u00f3blega, entre otras autoridades.<\/p>\n","protected":false},"excerpt":{"rendered":"<p>En el marco de una visita al departamento de Capay\u00e1n, el gobernador Ra\u00fal Jalil, junto a los intendentes Alfredo Hoffman (Capay\u00e1n) y Omar Soria (Huillapima), entreg\u00f3 nuevas viviendas y dej\u00f3 inaugurado el Centro de Desarrollo Infantil (CDI). En la jornada se entregaron seis viviendas sociales a familias de la regi\u00f3n. Una familia de la localidad [&hellip;]<\/p>\n","protected":false},"author":2,"featured_media":2321,"comment_status":"open","ping_status":"open","sticky":false,"template":"","format":"standard","meta":{"footnotes":""},"categories":[23,21],"tags":[],"class_list":{"0":"post-2320","1":"post","2":"type-post","3":"status-publish","4":"format-standard","5":"has-post-thumbnail","7":"category-destacados","8":"category-politica"},"aioseo_notices":[],"_links":{"self":[{"href":"https:\/\/elfaroonline.com.ar\/index.php\/wp-json\/wp\/v2\/posts\/2320","targetHints":{"allow":["GET"]}}],"collection":[{"href":"https:\/\/elfaroonline.com.ar\/index.php\/wp-json\/wp\/v2\/posts"}],"about":[{"href":"https:\/\/elfaroonline.com.ar\/index.php\/wp-json\/wp\/v2\/types\/post"}],"author":[{"embeddable":true,"href":"https:\/\/elfaroonline.com.ar\/index.php\/wp-json\/wp\/v2\/users\/2"}],"replies":[{"embeddable":true,"href":"https:\/\/elfaroonline.com.ar\/index.php\/wp-json\/wp\/v2\/comments?post=2320"}],"version-history":[{"count":2,"href":"https:\/\/elfaroonline.com.ar\/index.php\/wp-json\/wp\/v2\/posts\/2320\/revisions"}],"predecessor-version":[{"id":2334,"href":"https:\/\/elfaroonline.com.ar\/index.php\/wp-json\/wp\/v2\/posts\/2320\/revisions\/2334"}],"wp:featuredmedia":[{"embeddable":true,"href":"https:\/\/elfaroonline.com.ar\/index.php\/wp-json\/wp\/v2\/media\/2321"}],"wp:attachment":[{"href":"https:\/\/elfaroonline.com.ar\/index.php\/wp-json\/wp\/v2\/media?parent=2320"}],"wp:term":[{"taxonomy":"category","embeddable":true,"href":"https:\/\/elfaroonline.com.ar\/index.php\/wp-json\/wp\/v2\/categories?post=2320"},{"taxonomy":"post_tag","embeddable":true,"href":"https:\/\/elfaroonline.com.ar\/index.php\/wp-json\/wp\/v2\/tags?post=2320"}],"curies":[{"name":"wp","href":"https:\/\/api.w.org\/{rel}","templated":true}]}}